{"id":1116,"date":"2019-04-29T13:00:29","date_gmt":"2019-04-29T12:00:29","guid":{"rendered":"http:\/\/consuladobarcelona.gob.ve\/webalterna\/?p=1116"},"modified":"2019-04-29T13:00:40","modified_gmt":"2019-04-29T12:00:40","slug":"venezuela-denuncia-que-colombia-planifica-otro-falso-positivo-en-su-contra","status":"publish","type":"post","link":"https:\/\/consuladobarcelona.gob.ve\/webalterna\/venezuela-denuncia-que-colombia-planifica-otro-falso-positivo-en-su-contra\/","title":{"rendered":"Venezuela denuncia que Colombia planifica otro falso positivo en su contra"},"content":{"rendered":"<p>El ministro de Exteriores venezolano, Jorge Arreaza, repudi\u00f3 las acusaciones realizadas contra su pa\u00eds por el presidente colombiano, Iv\u00e1n Duque, luego de que se perpetrara un atentado contra un batall\u00f3n militar cerca de la frontera con Venezuela.<\/p>\n<p>Se trata de la explosi\u00f3n de un veh\u00edculo registrada el s\u00e1bado en Saravena, departamento de Arauca, que dej\u00f3 al menos cuatro heridos y fue atribuida por los militares al Ej\u00e9rcito de Liberaci\u00f3n Nacional (ELN). Duque afirm\u00f3 que el ataque fue \u00abplaneado\u00a0desde territorio venezolano\u00bb por cabecillas de ese movimiento rebelde. \u00abEs en territorio colombiano donde nacen y operan los grupos violentos y desde donde han atacado a pa\u00edses vecinos durante d\u00e9cadas\u00bb, asever\u00f3 Arreaza, acusando al \u00abguerrerista\u00bb\u00a0mandatario colombiano de planear un nuevo \u00abfalso positivo\u00bb contra Venezuela.<\/p>\n<p>El canciller\u00a0subray\u00f3 adem\u00e1s que\u00a0las palabras del presidente de Colombia se sincronizan con su \u00abbaja popularidad\u00bb y las protestas\u00a0organizadas en los \u00faltimos d\u00edas\u00a0por todo de pa\u00eds contra el plan de desarrollo de Duque, considerado por opositores como una violaci\u00f3n a los derechos de los trabajadores.<\/p>\n<p>Previamente, la Inteligencia rusa hab\u00eda afirmado que EE.UU. pretende organizar una invasi\u00f3n del territorio venezolano \u00abcon las manos de sus aliados, principalmente Colombia\u00bb, y advirti\u00f3 sobre la conformaci\u00f3n de grupos armados ilegales integrados, entre otros, por desertores venezolanos y grupos rebeldes colombianos.<\/p>\n","protected":false},"excerpt":{"rendered":"<p>El ministro de Exteriores venezolano, Jorge Arreaza, repudi\u00f3 las acusaciones realizadas contra su pa\u00eds por el presidente colombiano, Iv\u00e1n Duque, luego de que se perpetrara un atentado contra un batall\u00f3n militar cerca de la frontera con Venezuela. Se trata de la explosi\u00f3n de un veh\u00edculo registrada el s\u00e1bado en Saravena, departamento de Arauca, que dej\u00f3\u2026 <span class=\"read-more\"><a href=\"https:\/\/consuladobarcelona.gob.ve\/webalterna\/venezuela-denuncia-que-colombia-planifica-otro-falso-positivo-en-su-contra\/\">Leer m\u00e1s &raquo;<\/a><\/span><\/p>\n","protected":false},"author":3,"featured_media":1117,"comment_status":"closed","ping_status":"closed","sticky":false,"template":"","format":"standard","meta":{"footnotes":""},"categories":[5],"tags":[],"class_list":["post-1116","post","type-post","status-publish","format-standard","has-post-thumbnail","hentry","category-noticias"],"_links":{"self":[{"href":"https:\/\/consuladobarcelona.gob.ve\/webalterna\/wp-json\/wp\/v2\/posts\/1116","targetHints":{"allow":["GET"]}}],"collection":[{"href":"https:\/\/consuladobarcelona.gob.ve\/webalterna\/wp-json\/wp\/v2\/posts"}],"about":[{"href":"https:\/\/consuladobarcelona.gob.ve\/webalterna\/wp-json\/wp\/v2\/types\/post"}],"author":[{"embeddable":true,"href":"https:\/\/consuladobarcelona.gob.ve\/webalterna\/wp-json\/wp\/v2\/users\/3"}],"replies":[{"embeddable":true,"href":"https:\/\/consuladobarcelona.gob.ve\/webalterna\/wp-json\/wp\/v2\/comments?post=1116"}],"version-history":[{"count":1,"href":"https:\/\/consuladobarcelona.gob.ve\/webalterna\/wp-json\/wp\/v2\/posts\/1116\/revisions"}],"predecessor-version":[{"id":1118,"href":"https:\/\/consuladobarcelona.gob.ve\/webalterna\/wp-json\/wp\/v2\/posts\/1116\/revisions\/1118"}],"wp:featuredmedia":[{"embeddable":true,"href":"https:\/\/consuladobarcelona.gob.ve\/webalterna\/wp-json\/wp\/v2\/media\/1117"}],"wp:attachment":[{"href":"https:\/\/consuladobarcelona.gob.ve\/webalterna\/wp-json\/wp\/v2\/media?parent=1116"}],"wp:term":[{"taxonomy":"category","embeddable":true,"href":"https:\/\/consuladobarcelona.gob.ve\/webalterna\/wp-json\/wp\/v2\/categories?post=1116"},{"taxonomy":"post_tag","embeddable":true,"href":"https:\/\/consuladobarcelona.gob.ve\/webalterna\/wp-json\/wp\/v2\/tags?post=1116"}],"curies":[{"name":"wp","href":"https:\/\/api.w.org\/{rel}","templated":true}]}}