{"id":1112,"date":"2019-04-29T10:50:05","date_gmt":"2019-04-29T09:50:05","guid":{"rendered":"http:\/\/consuladobarcelona.gob.ve\/webalterna\/?p=1112"},"modified":"2019-04-29T10:54:03","modified_gmt":"2019-04-29T09:54:03","slug":"venezuela-dice-adios-a-la-oea-y-demuestra-su-conviccion-irrevocablemente-libre-e-independiente","status":"publish","type":"post","link":"https:\/\/consuladobarcelona.gob.ve\/webalterna\/venezuela-dice-adios-a-la-oea-y-demuestra-su-conviccion-irrevocablemente-libre-e-independiente\/","title":{"rendered":"Venezuela dice adi\u00f3s a la OEA y demuestra su convicci\u00f3n irrevocablemente libre e independiente"},"content":{"rendered":"<p>Este asbado, el pueblo venezolano sali\u00f3 a la calle con alegr\u00eda para celebrar la salida oficial de Venezuela de la Organizaci\u00f3n de Estados Americanos (OEA), un espacio multilateral que se convirti\u00f3 en instrumento para validar los deseos imperiales contra los pueblos soberanos.\u00a0La salida de la organizaci\u00f3n es una decisi\u00f3n soberana iniciada hace dos a\u00f1os tras denunciar al ente regional en 2017 por los ataques y agresiones que all\u00ed se promueven en contra de Venezuela.<\/p>\n<p>\u201cEl pueblo aguerrido se moviliza para celebrar nuestro retiro definitivo del Ministerio de las Colonias de los EE.UU.\u00bb coment\u00f3 en Twitter el presidente venezolano, Nicol\u00e1s Maduro Moros. Por su parte, el presidente de la Asamblea Nacional Constituyente (ANC), Diosdado Cabello, festej\u00f3 que con la salida del pa\u00eds de la OEA \u201dla Patria de Bol\u00edvar y Ch\u00e1vez se sacude el yugo del imperialismo para siempre\u201d. Asimismo, adelant\u00f3 que el pr\u00f3ximo martes\u00a0 la ANC sesionar\u00e1 para decretar el 27 de abril como \u2018D\u00eda de J\u00fabilo Nacional y de la Patria Bolivariana\u2019.<\/p>\n<p>Con la llegada de Luis Almagro a la secretar\u00eda general de la Organizaci\u00f3n de Estados Americanos, y \u201cla complicidad de algunos gobiernos lacayos\u201d el organismo regional se convirti\u00f3 en \u201cun instrumento utilizado por el imperialismo para promover la guerra\u201d, alert\u00f3 el tambi\u00e9n primer vicepresidente del Partido Socialista Unido de Venezuela (PSUV). \u201cNos enfrentamos al imperio m\u00e1s poderoso y genocida de la humanidad (\u2026) la historia recoger\u00e1 la batalla que est\u00e1 dando el pueblo como una de las m\u00e1s grandes de Venezuela, solo comparable con las guerras de independencia\u201d, concluy\u00f3.<\/p>\n<p>El canciller de Venezuela, Jorge Arreaza, quien particip\u00f3 tambi\u00e9n en la movilizaci\u00f3n de las fuerzas revolucionarias, celebr\u00f3 la salida oficial de Venezuela de la OEA indicando que esta se realiz\u00f3 cumpliendo \u00abcon todo lo que establece la carta fundacional de la OEA\u00bb. \u00abPara ser rep\u00fablica es necesario estar fuera de la foros internacionales controlados por Washington\u201d coment\u00f3 Arreaza. El diplom\u00e1tico abog\u00f3 por la unidad de todos los venezolanos: chavistas, revolucionarios y los llamados \u201cnini\u201d para evitar las pretensiones de la administraci\u00f3n Trump que amenaza con agresiones al pa\u00eds para controlar las riquezas de la naci\u00f3n. \u201cAh\u00ed est\u00e1n las corporaciones internacionales poderosas, el se\u00f1or Trump, el se\u00f1or Bolton, el se\u00f1or Marcos Rubio, el se\u00f1or de Colombia, Iv\u00e1n Duque (\u2026) y despu\u00e9s aparece el se\u00f1or autoproclamado, Juan Guaid\u00f3. La batalla de hoy es estrat\u00e9gica es contra el golpismo continuado\u201d, sentenci\u00f3.<\/p>\n<p>En este sentido, record\u00f3 las advertencias del l\u00edder cubano, Fidel Castro, al llamar a la instituci\u00f3n como \u201cMinisterio de las Colonias de Estados Unidos\u201d. De igual forma, reflexion\u00f3 sobre el respaldo que dio la OEA al golpe de Estado contra el presidente de Rep\u00fablica Dominicana, Juan Bosch en 1963 \u201ccuando enviaron una supuesta ayuda humanitaria y detr\u00e1s m\u00e1s de 40 mil marines que derrocaron a Bosch.<\/p>\n<p>\u201cEso es lo que pretend\u00edan aqu\u00ed pero no volver\u00e1n, no pasar\u00e1n porque hay un pueblo valiente, una milicia, un pueblo que defender\u00e1 con su vida la independencia\u201d, sentenci\u00f3 el Canciller venezolano.<\/p>\n<p>El ministro del Poder Popular para Relaciones Exteriores, dio un reconocimiento al presidente constitucional, Nicol\u00e1s Maduro, por salir de la referida organizaci\u00f3n usada por los pol\u00edticos de Estados Unidos como plataforma injerencista para ejecutar un golpe de Estado contra Venezuela. \u201cHay que reconocer a nuestro presidente constitucional elegido por el pueblo, Nicol\u00e1s Maduro, en esta batalla estrat\u00e9gica de a\u00f1os contra el golpe de Estado continuado\u201d, dijo el Canciller. De igual manera, el ministro record\u00f3 la labor del L\u00edder de la Revoluci\u00f3n Bolivariana Hugo Ch\u00e1vez, de crear espacios internacionales de debate y de unidad latinoamericana, adem\u00e1s de buscar la salida de Venezuela de otras instancias en las que las fuerzas pol\u00edticas norteamericanas ejercen presi\u00f3n como la Convenci\u00f3n Internacional de Derechos Humanos (CRPD), el Tratado Internacional de Asistencia Rec\u00edproca (TIAR), entre otros. Agreg\u00f3 que el comandante Ch\u00e1vez impuls\u00f3 la constituci\u00f3n de la Uni\u00f3n de Naciones Suramericanas (Unasur), la Alianza Bolivariana para los Pueblos de Nuestra Am\u00e9rica (ALBA) y la Comunidad de Estados Latinoamericanos y Caribe\u00f1os (Celac). \u201cHoy somos m\u00e1s independientes que ayer, estamos profundizando nuestra libertad, es parte de la batalla de independencia de Sim\u00f3n Bol\u00edvar que damos en el siglo XXI, que debemos llevar como pueblo\u201d, afirm\u00f3.<\/p>\n<p>El canciller consider\u00f3 transcendental sumar m\u00e1s ciudadanos a la lucha de independencia de Venezuela. Por ello, indic\u00f3 los combates que a\u00fan se deben dar en defensa de los bienes de la naci\u00f3n. \u201cNosotros denunciamos el jueves en las Naciones Unidas, el bloqueo del dinero de los venezolanos para poder pagar el CDI, la escuela, la universidad, el Clap, poder pagar nuestros derechos sociales (\u2026) ese dinero es m\u00e1s de 5 mil millones de euros\u201d, denunci\u00f3, al tiempo que exigi\u00f3 a la administraci\u00f3n de Estados Unidos \u201cdejar la hipocres\u00eda, levantar el bloqueo y permitir la continuidad de la Revoluci\u00f3n Bolivariana\u201d.<\/p>\n<p>Durante su participaci\u00f3n en la concentraci\u00f3n popular realizada en la sede de la Canciller\u00eda venezolana, el ministro de Exteriores rechaz\u00f3 las sanciones de Estados Unidos en su contra, impuestas luego de denunciar ante la Organizaci\u00f3n de las Naciones Unidas las consecuencias del bloqueo econ\u00f3mico de Estados Unidos en Venezuela. \u201cCon esas sanciones quieren amedrentarnos, creen que esas sanciones nos asustan, m\u00e1s bien nos dan m\u00e1s valor, m\u00e1s fuerza para liquidarlos en la batalla pol\u00edtica\u201d, expres\u00f3.<\/p>\n","protected":false},"excerpt":{"rendered":"<p>Este asbado, el pueblo venezolano sali\u00f3 a la calle con alegr\u00eda para celebrar la salida oficial de Venezuela de la Organizaci\u00f3n de Estados Americanos (OEA), un espacio multilateral que se convirti\u00f3 en instrumento para validar los deseos imperiales contra los pueblos soberanos.\u00a0La salida de la organizaci\u00f3n es una decisi\u00f3n soberana iniciada hace dos a\u00f1os tras\u2026 <span class=\"read-more\"><a href=\"https:\/\/consuladobarcelona.gob.ve\/webalterna\/venezuela-dice-adios-a-la-oea-y-demuestra-su-conviccion-irrevocablemente-libre-e-independiente\/\">Leer m\u00e1s &raquo;<\/a><\/span><\/p>\n","protected":false},"author":3,"featured_media":1113,"comment_status":"closed","ping_status":"closed","sticky":false,"template":"","format":"standard","meta":{"footnotes":""},"categories":[5],"tags":[],"class_list":["post-1112","post","type-post","status-publish","format-standard","has-post-thumbnail","hentry","category-noticias"],"_links":{"self":[{"href":"https:\/\/consuladobarcelona.gob.ve\/webalterna\/wp-json\/wp\/v2\/posts\/1112","targetHints":{"allow":["GET"]}}],"collection":[{"href":"https:\/\/consuladobarcelona.gob.ve\/webalterna\/wp-json\/wp\/v2\/posts"}],"about":[{"href":"https:\/\/consuladobarcelona.gob.ve\/webalterna\/wp-json\/wp\/v2\/types\/post"}],"author":[{"embeddable":true,"href":"https:\/\/consuladobarcelona.gob.ve\/webalterna\/wp-json\/wp\/v2\/users\/3"}],"replies":[{"embeddable":true,"href":"https:\/\/consuladobarcelona.gob.ve\/webalterna\/wp-json\/wp\/v2\/comments?post=1112"}],"version-history":[{"count":2,"href":"https:\/\/consuladobarcelona.gob.ve\/webalterna\/wp-json\/wp\/v2\/posts\/1112\/revisions"}],"predecessor-version":[{"id":1115,"href":"https:\/\/consuladobarcelona.gob.ve\/webalterna\/wp-json\/wp\/v2\/posts\/1112\/revisions\/1115"}],"wp:featuredmedia":[{"embeddable":true,"href":"https:\/\/consuladobarcelona.gob.ve\/webalterna\/wp-json\/wp\/v2\/media\/1113"}],"wp:attachment":[{"href":"https:\/\/consuladobarcelona.gob.ve\/webalterna\/wp-json\/wp\/v2\/media?parent=1112"}],"wp:term":[{"taxonomy":"category","embeddable":true,"href":"https:\/\/consuladobarcelona.gob.ve\/webalterna\/wp-json\/wp\/v2\/categories?post=1112"},{"taxonomy":"post_tag","embeddable":true,"href":"https:\/\/consuladobarcelona.gob.ve\/webalterna\/wp-json\/wp\/v2\/tags?post=1112"}],"curies":[{"name":"wp","href":"https:\/\/api.w.org\/{rel}","templated":true}]}}