{"id":11029,"date":"2025-03-17T09:53:03","date_gmt":"2025-03-17T08:53:03","guid":{"rendered":"https:\/\/consuladobarcelona.gob.ve\/webalterna\/?p=11029"},"modified":"2025-03-17T09:53:03","modified_gmt":"2025-03-17T08:53:03","slug":"mision-jose-gregorio-hernandez-17-anos-de-proteccion-integral-a-personas-con-discapacidad","status":"publish","type":"post","link":"https:\/\/consuladobarcelona.gob.ve\/webalterna\/mision-jose-gregorio-hernandez-17-anos-de-proteccion-integral-a-personas-con-discapacidad\/","title":{"rendered":"Misi\u00f3n Jos\u00e9 Gregorio Hern\u00e1ndez: 17 a\u00f1os de protecci\u00f3n integral a personas con discapacidad"},"content":{"rendered":"<p>La <strong>Misi\u00f3n Jos\u00e9 Gregorio Hern\u00e1ndez<\/strong> celebr\u00f3 este sabado su decimos\u00e9ptimo aniversario como uno de los programas sociales m\u00e1s emblem\u00e1ticos de Venezuela, enfocado en brindar <strong>atenci\u00f3n integral y servicios gratuitos de salud a las personas con discapacidad<\/strong>, especialmente aquellas en situaci\u00f3n de<strong> vulnerabilidad socioecon\u00f3mica<\/strong> y ubicadas en zonas remotas del pa\u00eds.<\/p>\n<p>En febrero, el papa Francisco autoriz\u00f3 la canonizaci\u00f3n del \u201c<strong>m\u00e9dico de los pobres<\/strong>\u201d Jos\u00e9 Gregorio Hern\u00e1ndez, que ser\u00e1 el primer santo venezolano tras haber logrado en 2021 el escalaf\u00f3n de beato.<\/p>\n<p><strong>Los or\u00edgenes: Una visi\u00f3n humanista<\/strong><\/p>\n<p>La creaci\u00f3n de esta misi\u00f3n social tiene sus ra\u00edces en una visi\u00f3n profundamente humanista que se puso en marcha el 15 de marzo de 2008, cuando el comandante Hugo Ch\u00e1vez realiz\u00f3 el lanzamiento oficial de la Misi\u00f3n Jos\u00e9 Gregorio Hern\u00e1ndez desde el Teatro Municipal de Caracas, con un prop\u00f3sito fundamental: garantizar que ninguna persona con discapacidad quedara excluida del sistema de protecci\u00f3n social del Estado venezolano.<\/p>\n<p>\u00abSon nuestros compratiotas que tienen el mismo valor que todos nosotros (\u2026) porque el esfuerzo que hacen espiritual, fisico es mucho mayor que el que nosotros hemos hecho en nuestra vida, por eso para nosotros cada uno de ustedes cada una de ustedes vale\u201d, expres\u00f3 el comandante Ch\u00e1vez durante el acto de lanzamiento, estableciendo as\u00ed la filosof\u00eda que guiar\u00eda esta iniciativa en los a\u00f1os posteriores.<\/p>\n<p>La elecci\u00f3n del nombre no fue casual, Jos\u00e9 Gregorio Hern\u00e1ndez, conocido como \u00abel m\u00e9dico del pueblo\u00bb, representa un s\u00edmbolo de servicio desinteresado en el \u00e1mbito de la salud venezolana.<\/p>\n<p>Venerado por venezolanos, beatificado y luego canonizado por la Iglesia Cat\u00f3lica, Jos\u00e9 Gregorio dedic\u00f3 su vida a brindar atenci\u00f3n m\u00e9dica a los m\u00e1s necesitados, convirti\u00e9ndose en un referente de la medicina social en el pa\u00eds.<\/p>\n<p><strong>Metodolog\u00eda y primeras acciones<\/strong><\/p>\n<p>La misi\u00f3n comenz\u00f3 con una estrategia metodol\u00f3gica dividida en tres fases claramente definidas:<\/p>\n<ol class=\"wp-block-list\">\n<li>Diagn\u00f3stico: Un censo inicial para identificar y registrar a las personas con discapacidad.<\/li>\n<li>Estudio m\u00e9dico completo: Evaluaci\u00f3n integral de cada caso registrado.<\/li>\n<li>Donaci\u00f3n de ayudas t\u00e9cnicas: Entrega de implementos necesarios para mejorar la calidad de vida de los beneficiarios.<\/li>\n<\/ol>\n<p><strong>Marco legal y desarrollo institucional<\/strong><\/p>\n<p>La Misi\u00f3n Jos\u00e9 Gregorio Hern\u00e1ndez encuentra su fundamento legal en la Constituci\u00f3n de la Rep\u00fablica Bolivariana de Venezuela, espec\u00edficamente en sus art\u00edculos 81 y 84, el primero establece que \u00abtoda persona con discapacidad o necesidades especiales tiene derecho al ejercicio pleno y aut\u00f3nomo de sus capacidades y a su integraci\u00f3n familiar y comunitaria\u00bb, mientras que segundo garantiza el derecho a la salud mediante un sistema p\u00fablico nacional regido por principios de gratuidad, universalidad e integralidad.<\/p>\n<p>Un hito importante en la evoluci\u00f3n institucional de la misi\u00f3n ocurri\u00f3 en 2012, cuando el presidente Nicol\u00e1s Maduro decret\u00f3 la creaci\u00f3n de la Fundaci\u00f3n Misi\u00f3n Jos\u00e9 Gregorio Hern\u00e1ndez, formalizada en la Gaceta Oficial n\u00famero 40.280 en el a\u00f1o 2013. Esta transformaci\u00f3n permiti\u00f3 consolidar su estructura operativa y ampliar su alcance territorial.<\/p>\n<p><strong>La consolidaci\u00f3n y el crecimiento <\/strong><\/p>\n<p>Tras su institucionalizaci\u00f3n como fundaci\u00f3n, la Misi\u00f3n Jos\u00e9 Gregorio Hern\u00e1ndez experiment\u00f3 un importante proceso de consolidaci\u00f3n y expansi\u00f3n, su objetivo principal dise\u00f1ar y desarrollar planes, pol\u00edticas, programas y proyectos enfocados tanto en la prevenci\u00f3n como en la protecci\u00f3n social para personas con discapacidad en todo el territorio nacional venezolano.<\/p>\n<p>Este periodo se caracteriz\u00f3 por la ampliaci\u00f3n de servicios y el fortalecimiento de la infraestructura necesaria para atender las necesidades espec\u00edficas de la poblaci\u00f3n con discapacidad.<\/p>\n<p>Entre los logros m\u00e1s destacados se encuentra la creaci\u00f3n del Registro Nacional de Personas con Discapacidad, una herramienta fundamental para la planificaci\u00f3n de pol\u00edticas p\u00fablicas basadas en datos reales y actualizados.<\/p>\n<p>Paralelamente, se estableci\u00f3 el Centro Nacional de Gen\u00e9tica Medica, instituci\u00f3n que permiti\u00f3 avanzar en el diagn\u00f3stico temprano y el tratamiento de enfermedades gen\u00e9ticas asociadas a diversas discapacidades.<\/p>\n<p>\u201cLa huella de Chavez esta fresca, esta viva su obra y su legado esta vivo en venezuela en america latina y el mundo. El Centro Nacional de Gen\u00e9tica Medica Jos\u00e9 Gregorio Hern\u00e1ndez, es una demostraci\u00f3n de esa huella viva\u201d expres\u00f3 el presidente Maduro durante la inauguraci\u00f3n de este centro.<\/p>\n<p>Esta iniciativa represent\u00f3 un paso significativo hacia un enfoque preventivo, complementando las acciones de atenci\u00f3n directa que ya ven\u00eda desarrollando la misi\u00f3n.<\/p>\n<p>La educaci\u00f3n especial tambi\u00e9n recibi\u00f3 un impulso considerable durante este periodo y fue gracias al trabajo coordinado de la misi\u00f3n, al poner en marcha 70 proyectos de Escuelas de Educaci\u00f3n Especial en diversos estados del pa\u00eds, ampliando significativamente el acceso a oportunidades educativas adaptadas para ni\u00f1os, ni\u00f1as y adolescentes con discapacidad.<\/p>\n<p><strong>Reconocimiento y expansi\u00f3n <\/strong><\/p>\n<p>\u00ab(\u2026) una de las misiones socialistas de mayor sensibilidad humana\u00bb, destac\u00f3, para el a\u00f1o 2017, el presidente Nicol\u00e1s Maduro, al subrayar la relevancia de esta iniciativa social.<\/p>\n<p>Un aspecto crucial en la evoluci\u00f3n reciente de la Misi\u00f3n Jos\u00e9 Gregorio Hern\u00e1ndez ha sido su articulaci\u00f3n con otras instituciones del Estado venezolano. La colaboraci\u00f3n con el Consejo Nacional para las Personas con Discapacidad (Conapdis) ha permitido ampliar las oportunidades laborales para las personas con discapacidad, quienes pueden participar en ferias de empleo y jornadas de atenci\u00f3n integral una vez cumplidos los requisitos establecidos por las instituciones evaluadoras.<\/p>\n<p>La creaci\u00f3n del Bono Jos\u00e9 Gregorio Hern\u00e1ndez, gestionado a trav\u00e9s del Carnet de la Patria, representa otra innovaci\u00f3n significativa en la atenci\u00f3n a las personas con discapacidad.<\/p>\n<p>En el \u00e1mbito de las ayudas t\u00e9cnicas, los avances han sido igualmente notables, ell alcance significativo de la misi\u00f3n durante sus diecisiete a\u00f1os de existencia supera el mill\u00f3n de ayudas t\u00e9cnicas entregadas directamente desde su creaci\u00f3n y su presencia en cada rinc\u00f3n del pa\u00eds gracias al Sistema Patria, esta iniciativa ha transformado positivamente la vida de millones de venezolanos y venezolanas con discapacidad.<\/p>\n<p>La implementaci\u00f3n del Sistema Patria ha sido clave para la territorializaci\u00f3n de la misi\u00f3n, permitiendo que sus beneficios lleguen a cada rinc\u00f3n del pa\u00eds, incluso a aquellas comunidades de dif\u00edcil acceso.<\/p>\n<p>Este enfoque territorial resulta especialmente relevante considerando que la misi\u00f3n hace especial hincapi\u00e9 en atender a las personas con menores recursos financieros y que se encuentran alejadas de las principales ciudades del pa\u00eds.<\/p>\n<p><strong>Impacto presente y visi\u00f3n de futuro<\/strong><\/p>\n<p>Actualmente, la Misi\u00f3n Jos\u00e9 Gregorio Hern\u00e1ndez se ha consolidado como uno de los pilares fundamentales del sistema de protecci\u00f3n social venezolano.<\/p>\n<p>Su enfoque integral abarca no solo la entrega de ayudas t\u00e9cnicas y apoyos econ\u00f3micos, sino tambi\u00e9n la promoci\u00f3n de la inclusi\u00f3n de las personas con discapacidad en todos los \u00e1mbitos de la vida social.<\/p>\n<p>El presidente Maduro ha enfatizado que el prop\u00f3sito de la misi\u00f3n debe seguir avanzando hacia la visibilizaci\u00f3n plena de las personas con discapacidad.<\/p>\n<p>Esto implica continuar otorgando atenci\u00f3n en diversas \u00e1reas como educaci\u00f3n, deporte, cultura, trabajo, salud y movilidad.<\/p>\n<p>Para esto \u00faltimo, se ha establecido una articulaci\u00f3n importante con la Misi\u00f3n Transporte, orientada a desarrollar mecanismos como rampas de acceso y capacitaci\u00f3n del personal para la atenci\u00f3n adecuada de personas con discapacidad en los sistemas de transporte p\u00fablico.<\/p>\n<p>Estos esfuerzos forman parte de una pol\u00edtica de Estado que busca garantizar la accesibilidad universal como derecho fundamental.<\/p>\n<p>El jefe de Estado ha indicado que consolidar el desarrollo integral de la Patria requiere claridad en las tareas por cumplir, teniendo como premisa fundamental \u00abla suprema felicidad para el pueblo\u00bb.<\/p>\n<p>La labor de la Misi\u00f3n Jos\u00e9 Gregorio Hern\u00e1ndez adquiere especial relevancia al centrarse en el estudio exhaustivo de toda la poblaci\u00f3n con alg\u00fan tipo de discapacidad y enfermedades gen\u00e9ticas.<\/p>\n<p>El hecho de llevar el nombre del beato venezolano no es casual, sino que refleja la vocaci\u00f3n de servicio y entrega en favor de la salud de los m\u00e1s vulnerables que caracteriz\u00f3 al m\u00e9dico del pueblo.<\/p>\n<p>A diecisiete a\u00f1os de su creaci\u00f3n, la Misi\u00f3n Jos\u00e9 Gregorio Hern\u00e1ndez se mantiene fiel a su inspiraci\u00f3n original: el compromiso con la atenci\u00f3n integral y humanista de las personas con discapacidad. Desde aquel lanzamiento en el Teatro Municipal de Caracas hasta la actualidad, esta iniciativa ha evolucionado y se ha fortalecido, adapt\u00e1ndose a los nuevos tiempos sin perder de vista su objetivo fundamental.<\/p>\n","protected":false},"excerpt":{"rendered":"<p>La Misi\u00f3n Jos\u00e9 Gregorio Hern\u00e1ndez celebr\u00f3 este sabado su decimos\u00e9ptimo aniversario como uno de los programas sociales m\u00e1s emblem\u00e1ticos de Venezuela, enfocado en brindar atenci\u00f3n integral y servicios gratuitos de salud a las personas con discapacidad, especialmente aquellas en situaci\u00f3n de vulnerabilidad socioecon\u00f3mica y ubicadas en zonas remotas del pa\u00eds. En febrero, el papa Francisco\u2026 <span class=\"read-more\"><a href=\"https:\/\/consuladobarcelona.gob.ve\/webalterna\/mision-jose-gregorio-hernandez-17-anos-de-proteccion-integral-a-personas-con-discapacidad\/\">Leer m\u00e1s &raquo;<\/a><\/span><\/p>\n","protected":false},"author":3,"featured_media":11030,"comment_status":"closed","ping_status":"closed","sticky":false,"template":"","format":"standard","meta":{"footnotes":""},"categories":[5],"tags":[],"class_list":["post-11029","post","type-post","status-publish","format-standard","has-post-thumbnail","hentry","category-noticias"],"_links":{"self":[{"href":"https:\/\/consuladobarcelona.gob.ve\/webalterna\/wp-json\/wp\/v2\/posts\/11029","targetHints":{"allow":["GET"]}}],"collection":[{"href":"https:\/\/consuladobarcelona.gob.ve\/webalterna\/wp-json\/wp\/v2\/posts"}],"about":[{"href":"https:\/\/consuladobarcelona.gob.ve\/webalterna\/wp-json\/wp\/v2\/types\/post"}],"author":[{"embeddable":true,"href":"https:\/\/consuladobarcelona.gob.ve\/webalterna\/wp-json\/wp\/v2\/users\/3"}],"replies":[{"embeddable":true,"href":"https:\/\/consuladobarcelona.gob.ve\/webalterna\/wp-json\/wp\/v2\/comments?post=11029"}],"version-history":[{"count":1,"href":"https:\/\/consuladobarcelona.gob.ve\/webalterna\/wp-json\/wp\/v2\/posts\/11029\/revisions"}],"predecessor-version":[{"id":11031,"href":"https:\/\/consuladobarcelona.gob.ve\/webalterna\/wp-json\/wp\/v2\/posts\/11029\/revisions\/11031"}],"wp:featuredmedia":[{"embeddable":true,"href":"https:\/\/consuladobarcelona.gob.ve\/webalterna\/wp-json\/wp\/v2\/media\/11030"}],"wp:attachment":[{"href":"https:\/\/consuladobarcelona.gob.ve\/webalterna\/wp-json\/wp\/v2\/media?parent=11029"}],"wp:term":[{"taxonomy":"category","embeddable":true,"href":"https:\/\/consuladobarcelona.gob.ve\/webalterna\/wp-json\/wp\/v2\/categories?post=11029"},{"taxonomy":"post_tag","embeddable":true,"href":"https:\/\/consuladobarcelona.gob.ve\/webalterna\/wp-json\/wp\/v2\/tags?post=11029"}],"curies":[{"name":"wp","href":"https:\/\/api.w.org\/{rel}","templated":true}]}}