{"id":1091,"date":"2019-04-25T13:30:09","date_gmt":"2019-04-25T12:30:09","guid":{"rendered":"http:\/\/consuladobarcelona.gob.ve\/webalterna\/?p=1091"},"modified":"2019-04-25T13:30:09","modified_gmt":"2019-04-25T12:30:09","slug":"novo-banco-de-portugal-mantiene-secuestrado-1-700-millones-que-eran-para-medicinas-y-alimentos","status":"publish","type":"post","link":"https:\/\/consuladobarcelona.gob.ve\/webalterna\/novo-banco-de-portugal-mantiene-secuestrado-1-700-millones-que-eran-para-medicinas-y-alimentos\/","title":{"rendered":"Novo Banco de Portugal mantiene secuestrado $ 1.700 millones que eran para medicinas y alimentos"},"content":{"rendered":"<p>El presidente de la Rep\u00fablica Bolivariana de Venezuela, Nicol\u00e1s Maduro, solicit\u00f3 al gobierno de Portugal pronunciarse por el secuestro que un banco de ese pa\u00eds mantiene sobre m\u00e1s de un mil 700 millones de d\u00f3lares que estaban destinados a la compra de medicinas y alimentos y exhort\u00f3 a la comunidad portuguesa en Venezuela a reaccionar contra ese robo de los recursos de la Rep\u00fablica Bolivariana. \u201cPido al gobierno de Portugal que se pronuncie. Son 1.726 millones de d\u00f3lares secuestrados por el Novo Banco en Portugal que eran para compra de medicinas, alimentos e insumos\u201d, expres\u00f3 el Jefe de Estado en Miraflores, donde encabez\u00f3 una jornada de Mi\u00e9rcoles Productivos por el arranque del Ciclo de Siembra de Cereales en el pa\u00eds.<\/p>\n<p>\u201cGobierno de Portugal, son medicinas y alimentos que necesita el pueblo\u201d, asever\u00f3 el presidente Maduro, dirigi\u00e9ndose p\u00fablicamente a las autoridades de esa naci\u00f3n que est\u00e1n aplicando en forma ilegal las pretendidas \u201csanciones\u201d de EE.UU. \u201cNo es dinero de Maduro sino de la Rep\u00fablica Bolivariana de Venezuela, recursos que en su mayor\u00eda estaban negociados para medicinas\u201d, advirti\u00f3.<\/p>\n<p>El Jefe de Estado llam\u00f3 a los m\u00e1s de 300 mil ciudadanos que integran la colonia portuguesa en Venezuela a reclamar este robo. \u201cHago un llamado para que escriban al gobierno de Portugal sobre el secuestro, que liberen ese dinero\u201d, inst\u00f3. No obstante, Maduro advirti\u00f3 que en momentos de dificultad por las agresiones sin precedentes del imperialismo contra toda Venezuela y sus t\u00edteres internos, nada detendr\u00e1 el avance soberano de los venezolanos. \u201cNada ni nadie nos detendr\u00e1\u201d, recalc\u00f3.<\/p>\n","protected":false},"excerpt":{"rendered":"<p>El presidente de la Rep\u00fablica Bolivariana de Venezuela, Nicol\u00e1s Maduro, solicit\u00f3 al gobierno de Portugal pronunciarse por el secuestro que un banco de ese pa\u00eds mantiene sobre m\u00e1s de un mil 700 millones de d\u00f3lares que estaban destinados a la compra de medicinas y alimentos y exhort\u00f3 a la comunidad portuguesa en Venezuela a reaccionar\u2026 <span class=\"read-more\"><a href=\"https:\/\/consuladobarcelona.gob.ve\/webalterna\/novo-banco-de-portugal-mantiene-secuestrado-1-700-millones-que-eran-para-medicinas-y-alimentos\/\">Leer m\u00e1s &raquo;<\/a><\/span><\/p>\n","protected":false},"author":3,"featured_media":1092,"comment_status":"closed","ping_status":"closed","sticky":false,"template":"","format":"standard","meta":{"footnotes":""},"categories":[5],"tags":[],"class_list":["post-1091","post","type-post","status-publish","format-standard","has-post-thumbnail","hentry","category-noticias"],"_links":{"self":[{"href":"https:\/\/consuladobarcelona.gob.ve\/webalterna\/wp-json\/wp\/v2\/posts\/1091","targetHints":{"allow":["GET"]}}],"collection":[{"href":"https:\/\/consuladobarcelona.gob.ve\/webalterna\/wp-json\/wp\/v2\/posts"}],"about":[{"href":"https:\/\/consuladobarcelona.gob.ve\/webalterna\/wp-json\/wp\/v2\/types\/post"}],"author":[{"embeddable":true,"href":"https:\/\/consuladobarcelona.gob.ve\/webalterna\/wp-json\/wp\/v2\/users\/3"}],"replies":[{"embeddable":true,"href":"https:\/\/consuladobarcelona.gob.ve\/webalterna\/wp-json\/wp\/v2\/comments?post=1091"}],"version-history":[{"count":1,"href":"https:\/\/consuladobarcelona.gob.ve\/webalterna\/wp-json\/wp\/v2\/posts\/1091\/revisions"}],"predecessor-version":[{"id":1093,"href":"https:\/\/consuladobarcelona.gob.ve\/webalterna\/wp-json\/wp\/v2\/posts\/1091\/revisions\/1093"}],"wp:featuredmedia":[{"embeddable":true,"href":"https:\/\/consuladobarcelona.gob.ve\/webalterna\/wp-json\/wp\/v2\/media\/1092"}],"wp:attachment":[{"href":"https:\/\/consuladobarcelona.gob.ve\/webalterna\/wp-json\/wp\/v2\/media?parent=1091"}],"wp:term":[{"taxonomy":"category","embeddable":true,"href":"https:\/\/consuladobarcelona.gob.ve\/webalterna\/wp-json\/wp\/v2\/categories?post=1091"},{"taxonomy":"post_tag","embeddable":true,"href":"https:\/\/consuladobarcelona.gob.ve\/webalterna\/wp-json\/wp\/v2\/tags?post=1091"}],"curies":[{"name":"wp","href":"https:\/\/api.w.org\/{rel}","templated":true}]}}