{"id":1085,"date":"2019-04-25T11:55:16","date_gmt":"2019-04-25T10:55:16","guid":{"rendered":"http:\/\/consuladobarcelona.gob.ve\/webalterna\/?p=1085"},"modified":"2019-04-25T12:03:31","modified_gmt":"2019-04-25T11:03:31","slug":"dia-internacional-del-multilateralismo-y-la-diplomacia-para-la-paz-una-propuesta-venezolana-para-el-mundo","status":"publish","type":"post","link":"https:\/\/consuladobarcelona.gob.ve\/webalterna\/dia-internacional-del-multilateralismo-y-la-diplomacia-para-la-paz-una-propuesta-venezolana-para-el-mundo\/","title":{"rendered":"\u201cD\u00eda Internacional del Multilateralismo y la Diplomacia para la Paz\u201d, una propuesta venezolana para el mundo"},"content":{"rendered":"<p>Por primera vez se celebr\u00f3, este mi\u00e9rcoles, una hist\u00f3rica Reuni\u00f3n de Alto Nivel de la Asamblea General de la Organizaci\u00f3n de las Naciones Unidas (ONU) para conmemorar y promover el \u201cD\u00eda Internacional del Multilateralismo y la Diplomacia para la Paz\u201d. <span id=\"more-63513\"><\/span>Esta importante fecha ha entrado en el calendario ONU a partir del 12 de diciembre de 2018, tras la adopci\u00f3n de la resoluci\u00f3n 73\/127 propuesta por la Rep\u00fablica Bolivariana de Venezuela y respaldada por el Movimiento de Pa\u00edses No Alineados (Mnoal).<\/p>\n<p>El establecimiento del<strong> \u201cD\u00eda Internacional del Multilateralismo y la Diplomacia para la Paz\u201d, fue promovido por Venezuela<\/strong> y los Estados miembros del Mnoal para impulsar los principios que dieron origen al Movimiento de Pa\u00edses No Alineados, tras la hist\u00f3rica Conferencia Afro-Asi\u00e1tica de Bandung en 1955. Se trata de una iniciativa concreta de la Diplomacia Bolivariana de Paz para <strong>promover, defender y fortalecer el multilateralismo, para reafirmar la vigencia de los prop\u00f3sitos y principios consagrados en la Carta de la ONU y la plena validez de las normas del derecho internacional<\/strong>.<\/p>\n<p>En nombre de los 120 pa\u00edses miembros del Mnoal, el canciller de la Rep\u00fablica Bolivariana de Venezuela, Jorge Arreaza, asever\u00f3 que, ante las m\u00faltiples amenazas a la paz y la seguridad internacionales, el multilateralismo, junto con el derecho internacional y la diplomacia, es el \u00fanico escudo de los pa\u00edses en desarrollo para protegerse de cualquier acto de agresi\u00f3n; al tiempo que asever\u00f3 que el multilateralismo no representa una amenaza a la soberan\u00eda, ni a los intereses nacionales de cualquier Estado, ya que el mismo se constituye en una de las v\u00edas para garantizar el cumplimiento del principio de igualdad soberana de los Estados. Asimismo, el Canciller Arreaza reafirm\u00f3 durante la Reuni\u00f3n de Alto Nivel de la Asamblea General de la ONU la confianza de los Pa\u00edses No Alineados en <strong>el multilateralismo y la diplomacia para lograr el \u00e9xito de los tres pilares de las Naciones Unidas: la paz y la seguridad, el desarrollo sostenible, y los derechos humanos<\/strong>.<\/p>\n<p>Durante su discurso, el diplom\u00e1tico venezolano expres\u00f3 en nombre de los pa\u00edses miembros del Mnoal su profunda preocupaci\u00f3n y firme oposici\u00f3n al unilateralismo, la arbitrariedad, las medidas coercitivas unilaterales y las amenazas del uso de la fuerza. En este sentido, subray\u00f3 el compromiso del Mnoal en promover y apoyar la revitalizaci\u00f3n del sistema multilateral, para fomentar as\u00ed la estabilidad, la tranquilidad y una paz duradera alrededor del mundo, con miras a lograr la consecuci\u00f3n de un orden mundial justo y equitativo.<\/p>\n<p>\u201c<strong>Hacemos un llamado a los miembros de la comunidad internacional para que se unan a los esfuerzos que desde el Sur venimos adelantando para lograr la plena realizaci\u00f3n de los tres pilares de la Organizaci\u00f3n: la paz, el desarrollo sostenible y los derechos humanos<\/strong>. \u00a1Convirt\u00e1monos en paladines del multilateralismo incluido y efectivo, y de la diplomacia para la paz, para preservar as\u00ed a las generaciones venideras del flagelo de la guerra!\u201d, agreg\u00f3 el Canciller.<\/p>\n<p>Desde la sede de la Organizaci\u00f3n de Naciones Unidas (ONU) en Nueva York, Arreaza se refiri\u00f3 la igualdad de derechos y la libre determinaci\u00f3n de los pueblos, la abstenci\u00f3n del uso o la amenaza del uso de la fuerza, y la no intervenci\u00f3n en asuntos que son esencialmente de la jurisdicci\u00f3n interna de los Estados. \u201c<strong>Estos principios deben servir de gu\u00eda para poner freno a las amenazas de quienes pretenden hoy socavar aqu\u00ed los derechos y privilegios de un Estado miembro pleno de la Organizaci\u00f3n como lo es Venezuela<\/strong>\u201d, enfatiz\u00f3 el diplom\u00e1tico. Del mismo modo, recalc\u00f3 que la principal instancia de las Naciones Unidas no debe permitir que el organismo sea utilizado para abordar temas bilaterales, \u201cni mucho menos su instrumentalizaci\u00f3n en una herramienta para intervenir en los asuntos internos de otro Estado y pretender as\u00ed designar, de manera ilegal, sus autoridades nacionales y representantes diplom\u00e1ticos\u201d.<\/p>\n<p>Record\u00f3 en su discurso, c\u00f3mo desde la ONU el presidente de Estados Unidos, <strong>Donald Trump<\/strong>, anunci\u00f3 en septiembre de 2018 una serie de <strong>medidas coercitivas unilaterales contra Venezuela y otros pa\u00edses<\/strong> miembros de la Organizaci\u00f3n, en flagrante violaci\u00f3n de los prop\u00f3sitos y principios de la Carta de las Naciones Unidas. \u201cEso es excluyente, el rol de ese Estado miembro es excluyente del multilateralismo, se autoexcluye de los principios y prop\u00f3sitos de la Carta de las Naciones Unidas\u201d, dijo al respecto.<\/p>\n<p>Arreaza aludi\u00f3 igualmente las pretensiones del vicepresidente estadounidense Mike Pence de impartir \u00f3rdenes a los Estados miembros de la ONU durante la m\u00e1s reciente sesi\u00f3n del Consejo de Seguridad. \u201cPara pretender desconocer las credenciales de un Estado miembro con pleno derecho como lo es Venezuela; eso tambi\u00e9n es excluyente y es inaceptable, <strong>no puede pretender doblegar el multilateralismo a partir de presiones, extorsiones y de burlar la propia Carta de las Naciones Unidas en su propio seno<\/strong>\u201d, advirti\u00f3.<\/p>\n<p>El diplom\u00e1tico venezolano se solidariz\u00f3, adem\u00e1s, con la Rep\u00fablica de Cuba y la Rep\u00fablica Isl\u00e1mica de Ir\u00e1n ante las medidas coercitivas de la que est\u00e1n siendo objeto, impuestas desde Washington.<\/p>\n<p>&nbsp;<\/p>\n<h4 class=\"entry-title\">Canciller Arreaza califica como extraordinaria reuni\u00f3n con Secretario General de la ONU<\/h4>\n<p>El canciller de la Rep\u00fablica Bolivariana de Venezuela, Jorge Arreaza, acompa\u00f1ado por el embajador de la naci\u00f3n Bolivariana ante la ONU, Samuel Moncada, sostuvo este mi\u00e9rcoles en Nueva York un importante encuentro con el secretario general de la Organizaci\u00f3n de Naciones Unidas (ONU), Ant\u00f3nio Guterres. El canciller calific\u00f3 como extraordinaria la reuni\u00f3n de trabajo: \u201cHubo un gran entendimiento en temas esenciales sobre Venezuela, nuestra regi\u00f3n y en la defensa del Multilateralismo y la Diplomacia de Paz\u201d, escribi\u00f3 en su cuenta en la red social Twitter.<\/p>\n","protected":false},"excerpt":{"rendered":"<p>Por primera vez se celebr\u00f3, este mi\u00e9rcoles, una hist\u00f3rica Reuni\u00f3n de Alto Nivel de la Asamblea General de la Organizaci\u00f3n de las Naciones Unidas (ONU) para conmemorar y promover el \u201cD\u00eda Internacional del Multilateralismo y la Diplomacia para la Paz\u201d. Esta importante fecha ha entrado en el calendario ONU a partir del 12 de diciembre\u2026 <span class=\"read-more\"><a href=\"https:\/\/consuladobarcelona.gob.ve\/webalterna\/dia-internacional-del-multilateralismo-y-la-diplomacia-para-la-paz-una-propuesta-venezolana-para-el-mundo\/\">Leer m\u00e1s &raquo;<\/a><\/span><\/p>\n","protected":false},"author":3,"featured_media":1086,"comment_status":"closed","ping_status":"closed","sticky":false,"template":"","format":"standard","meta":{"footnotes":""},"categories":[5],"tags":[],"class_list":["post-1085","post","type-post","status-publish","format-standard","has-post-thumbnail","hentry","category-noticias"],"_links":{"self":[{"href":"https:\/\/consuladobarcelona.gob.ve\/webalterna\/wp-json\/wp\/v2\/posts\/1085","targetHints":{"allow":["GET"]}}],"collection":[{"href":"https:\/\/consuladobarcelona.gob.ve\/webalterna\/wp-json\/wp\/v2\/posts"}],"about":[{"href":"https:\/\/consuladobarcelona.gob.ve\/webalterna\/wp-json\/wp\/v2\/types\/post"}],"author":[{"embeddable":true,"href":"https:\/\/consuladobarcelona.gob.ve\/webalterna\/wp-json\/wp\/v2\/users\/3"}],"replies":[{"embeddable":true,"href":"https:\/\/consuladobarcelona.gob.ve\/webalterna\/wp-json\/wp\/v2\/comments?post=1085"}],"version-history":[{"count":3,"href":"https:\/\/consuladobarcelona.gob.ve\/webalterna\/wp-json\/wp\/v2\/posts\/1085\/revisions"}],"predecessor-version":[{"id":1090,"href":"https:\/\/consuladobarcelona.gob.ve\/webalterna\/wp-json\/wp\/v2\/posts\/1085\/revisions\/1090"}],"wp:featuredmedia":[{"embeddable":true,"href":"https:\/\/consuladobarcelona.gob.ve\/webalterna\/wp-json\/wp\/v2\/media\/1086"}],"wp:attachment":[{"href":"https:\/\/consuladobarcelona.gob.ve\/webalterna\/wp-json\/wp\/v2\/media?parent=1085"}],"wp:term":[{"taxonomy":"category","embeddable":true,"href":"https:\/\/consuladobarcelona.gob.ve\/webalterna\/wp-json\/wp\/v2\/categories?post=1085"},{"taxonomy":"post_tag","embeddable":true,"href":"https:\/\/consuladobarcelona.gob.ve\/webalterna\/wp-json\/wp\/v2\/tags?post=1085"}],"curies":[{"name":"wp","href":"https:\/\/api.w.org\/{rel}","templated":true}]}}