{"id":10751,"date":"2025-01-22T10:18:09","date_gmt":"2025-01-22T09:18:09","guid":{"rendered":"https:\/\/consuladobarcelona.gob.ve\/webalterna\/?p=10751"},"modified":"2025-01-22T10:19:06","modified_gmt":"2025-01-22T09:19:06","slug":"designados-los-responsables-de-los-13-motores-productivos-de-la-agenda-economica-bolivariana","status":"publish","type":"post","link":"https:\/\/consuladobarcelona.gob.ve\/webalterna\/designados-los-responsables-de-los-13-motores-productivos-de-la-agenda-economica-bolivariana\/","title":{"rendered":"Designados los responsables de los 13 motores productivos de la Agenda Econ\u00f3mica Bolivariana"},"content":{"rendered":"<p data-pm-slice=\"1 1 []\">El presidente de la Rep\u00fablica Bolivariana de Venezuela, Nicol\u00e1s Maduro, durante la reuni\u00f3n con el Consejo Econ\u00f3mico, design\u00f3 a los jefes y secretarios de los <strong>Motores Productivos del Plan de las Siete Transformaciones (7T)<\/strong>, como parte del fortalecimiento de la <strong>Agenda Econ\u00f3mica Bolivariana<\/strong>. \u201cVenezuela seguir\u00e1 con los avances productivos y econ\u00f3micos; vamos por un 2025 lleno de impulso\u201d, manifest\u00f3.<\/p>\n<p>\u201cQuiero anunciar que el <strong>Consejo Econ\u00f3mico<\/strong> se declara en sesi\u00f3n permanente, bajo la rector\u00eda de la vicepresidenta de la Rep\u00fablica Bolivariana de Venezuela, Delcy Rodr\u00edguez, quien tambi\u00e9n se desempe\u00f1a como secretaria ejecutiva de este consejo, y adem\u00e1s estar\u00e1 conformado por los ministros Anabel Pereira, Gabriela Jim\u00e9nez, Alex Saab y Juan Carlos Loyo, quienes asumir\u00e1n con fuerza este nuevo momento de la econom\u00eda nacional. Adem\u00e1s, el ministro Ricardo Men\u00e9ndez liderar\u00e1 la planificaci\u00f3n de nuestras estrategias\u201d, inform\u00f3 el presidente.<\/p>\n<p>En este sentido, se nombr\u00f3 detalladamente a cada representante en el \u00e1rea de los motores productivos. En el primer motor, que es <strong>Hidrocarburos<\/strong>, ser\u00e1 jefa la vicepresidenta de Venezuela y ministra de esta cartera, Delcy Rodr\u00edguez, mientras que el secretariado estar\u00e1 bajo la responsabilidad de H\u00e9ctor Obreg\u00f3, presidente de Pdvsa; el segundo motor, <strong>Agroalimentario, Pesquero y Acu\u00edcola<\/strong>, estar\u00e1 a cargo del ministro de Pesca y Acuicultura, Juan Carlos Loyo, y el secretario ser\u00e1 el General de Divisi\u00f3n Menry Fern\u00e1ndez, ministro de Agricultura Productiva y Tierras.<\/p>\n<p>Para el tercer motor de <strong>Exportaciones No Petroleras<\/strong>, la nueva ministra para el Comercio Exterior, Coromoto Godoy ser\u00e1 la encargada de dirigirlo y la secretaria ser\u00e1 la presidenta de Marca Pa\u00eds, Daniella Cabello Contreras; en el cuarto motor que es <strong>Minero y de las Industrias B\u00e1sicas<\/strong>, estar\u00e1 a cargo del presidente de la Corporaci\u00f3n Venezolana de Guayana (CVG) y ministro de desarrollo Minero Ecol\u00f3gico, H\u00e9ctor Silva con su secretario que es el viceministro de Seguimiento y control del Desarrollo Econ\u00f3mico, Luis P\u00e9rez; mientras que en el quinto motor de <strong>Industria Civil y Militar<\/strong>, el jefe ser\u00e1 el ministro de Industrias y Producci\u00f3n Nacional, Aleex Saab, en compa\u00f1\u00eda del viceministro de Planificaci\u00f3n y Desarrollo para la Defensa, M\/G Henry Rodr\u00edguez, como secretario.<\/p>\n<p>Asimismo, el sexto motor que tiene que ver con el <strong>Turismo Nacional e Internacional<\/strong>, estar\u00e1 a cargo de la ministra Leticia G\u00f3mez, y su secretario ser\u00e1 el jefe de Zona Econ\u00f3mica Especial de la Isla de La Tortuga, Al\u00ed Padr\u00f3n; en el s\u00e9ptimo motor productivo que est\u00e1 relacionado a la <strong>Construcci\u00f3n<\/strong>, su jefe ser\u00e1 el ministro de H\u00e1bitat y Vivienda, G\/D Raul Paredes, y como secretario el ministro de Obras P\u00fablicas, Juan Jos\u00e9 Ram\u00edrez; mientras que, el octavo motor <strong>Farmac\u00e9utico<\/strong>, tendr\u00e1 como jefa a la vicepresidenta Sectorial de Ciencia, Tecnolog\u00eda y Salud, Gabriela Jim\u00e9nez, y la secretaria ser\u00e1 la ministra para la Salud, Magaly Guti\u00e9rrez.<\/p>\n<p>En el noveno motor relacionado con el <strong>Bol\u00edvar Digital<\/strong>, estar\u00e1 a cargo del presidente del Banco Central de Venezuela (BVC), Calixto Ortega S\u00e1nchez, y su secretario ser\u00e1 el viceministro de Hacienda y Presupuesto P\u00fablico Tesorero Nacional, Christiam Hern\u00e1ndez; en el motor de <strong>Banca y Mercado de Valores<\/strong>, la jefa ser\u00e1 la ministra de Econom\u00eda y Finanzas, Anabel Pereira y como secretario el viceministro de Econom\u00eda Digital, Banca, Seguros y Valores, Jimmy Berrios; en el motor n\u00famero once para el <strong>Emprendimiento<\/strong>, el presidente Maduro nombr\u00f3 como jefe al presidente del Banco Digital de los Trabajadores, Sergio Lotartaro Tovar; y la secretaria ser\u00e1 la presidenta del Fondo Nacional para los Emprendimientos, Maryury Bargiel.<\/p>\n<p>En el duod\u00e9cimo motor que es <strong>Econom\u00eda Comunal Socialista y Solidaria<\/strong> estar\u00e1 dirigido por el ministro para las Comunas, Movimientos Sociales y Agricultura Urbana, \u00c1ngel Pardo y la secretaria ser\u00e1 las asesora del ministerio de Comunas, Alanys Montilla, y el ultimo motor, el decimotercero que tiene que ver con las<strong> Telecomunicaciones y Nuevas Tecnolog\u00edas<\/strong>, lo presidir\u00e1 el vicepresidente Sectorial de Obras Publicas y Servicios y para la Energ\u00eda El\u00e9ctrica, M\/G Jorge M\u00e1rquez y su secretario ser\u00e1 el presidente de la Compa\u00f1\u00eda An\u00f3nima Nacional Tel\u00e9fonos de Venezuela, (Cantv) M\/G Iv\u00e1n Hern\u00e1ndez Dala.<\/p>\n<p>En este sentido, el mandatario nacional acot\u00f3 que: \u201cLuego de un intenso trabajo, hemos definido los <strong>13 motores productivos de esta Venezuela para el a\u00f1o 2025, a trav\u00e9s del Plan de las Siete T, donde estamos apuntando a grandes crecimientos, de seguir en impulso la econom\u00eda real que tiene el pa\u00eds. Dejo en claro que Venezuela no es colonia mundial de nadie; nosotros mismos estamos construyendo nuestro propio modelo econ\u00f3mico y productivo, hemos superado las sanciones y vamos a seguir con la construcci\u00f3n. Por eso les digo a los migrantes: Vengan ac\u00e1 a Venezuela, tenemos trabajo y crecimiento econ\u00f3mico para rato<\/strong>\u00bb.<\/p>\n","protected":false},"excerpt":{"rendered":"<p>El presidente de la Rep\u00fablica Bolivariana de Venezuela, Nicol\u00e1s Maduro, durante la reuni\u00f3n con el Consejo Econ\u00f3mico, design\u00f3 a los jefes y secretarios de los Motores Productivos del Plan de las Siete Transformaciones (7T), como parte del fortalecimiento de la Agenda Econ\u00f3mica Bolivariana. \u201cVenezuela seguir\u00e1 con los avances productivos y econ\u00f3micos; vamos por un 2025\u2026 <span class=\"read-more\"><a href=\"https:\/\/consuladobarcelona.gob.ve\/webalterna\/designados-los-responsables-de-los-13-motores-productivos-de-la-agenda-economica-bolivariana\/\">Leer m\u00e1s &raquo;<\/a><\/span><\/p>\n","protected":false},"author":7,"featured_media":10752,"comment_status":"closed","ping_status":"closed","sticky":false,"template":"","format":"standard","meta":{"footnotes":""},"categories":[5],"tags":[],"class_list":["post-10751","post","type-post","status-publish","format-standard","has-post-thumbnail","hentry","category-noticias"],"_links":{"self":[{"href":"https:\/\/consuladobarcelona.gob.ve\/webalterna\/wp-json\/wp\/v2\/posts\/10751","targetHints":{"allow":["GET"]}}],"collection":[{"href":"https:\/\/consuladobarcelona.gob.ve\/webalterna\/wp-json\/wp\/v2\/posts"}],"about":[{"href":"https:\/\/consuladobarcelona.gob.ve\/webalterna\/wp-json\/wp\/v2\/types\/post"}],"author":[{"embeddable":true,"href":"https:\/\/consuladobarcelona.gob.ve\/webalterna\/wp-json\/wp\/v2\/users\/7"}],"replies":[{"embeddable":true,"href":"https:\/\/consuladobarcelona.gob.ve\/webalterna\/wp-json\/wp\/v2\/comments?post=10751"}],"version-history":[{"count":1,"href":"https:\/\/consuladobarcelona.gob.ve\/webalterna\/wp-json\/wp\/v2\/posts\/10751\/revisions"}],"predecessor-version":[{"id":10753,"href":"https:\/\/consuladobarcelona.gob.ve\/webalterna\/wp-json\/wp\/v2\/posts\/10751\/revisions\/10753"}],"wp:featuredmedia":[{"embeddable":true,"href":"https:\/\/consuladobarcelona.gob.ve\/webalterna\/wp-json\/wp\/v2\/media\/10752"}],"wp:attachment":[{"href":"https:\/\/consuladobarcelona.gob.ve\/webalterna\/wp-json\/wp\/v2\/media?parent=10751"}],"wp:term":[{"taxonomy":"category","embeddable":true,"href":"https:\/\/consuladobarcelona.gob.ve\/webalterna\/wp-json\/wp\/v2\/categories?post=10751"},{"taxonomy":"post_tag","embeddable":true,"href":"https:\/\/consuladobarcelona.gob.ve\/webalterna\/wp-json\/wp\/v2\/tags?post=10751"}],"curies":[{"name":"wp","href":"https:\/\/api.w.org\/{rel}","templated":true}]}}