{"id":1068,"date":"2019-04-24T10:08:40","date_gmt":"2019-04-24T09:08:40","guid":{"rendered":"http:\/\/consuladobarcelona.gob.ve\/webalterna\/?p=1068"},"modified":"2019-04-24T10:08:40","modified_gmt":"2019-04-24T09:08:40","slug":"capturadas-5-personas-implicadas-en-ataques-al-sistema-electrico-venezolano","status":"publish","type":"post","link":"https:\/\/consuladobarcelona.gob.ve\/webalterna\/capturadas-5-personas-implicadas-en-ataques-al-sistema-electrico-venezolano\/","title":{"rendered":"Capturadas 5 personas implicadas en ataques al Sistema El\u00e9ctrico venezolano"},"content":{"rendered":"<p>El vicepresidente sectorial de Comunicaci\u00f3n, Cultura y Turismo, Jorge Rodr\u00edguez, dio a conocer este martes los nombres de los implicados y detenidos en los ataques cibern\u00e9ticos y f\u00edsicos contra el Sistema El\u00e9ctrico Nacional (SEN), ocurridos en marzo. <span id=\"more-63484\"><\/span>\u201cLas investigaciones acerca del ciberataque de los d\u00edas 7,8 y 9 de marzo est\u00e1n bastante avanzadas y ya tenemos <strong>19 implicados, 5 capturados, uno de ellos muy importante, el caso del se\u00f1or Otoniel Ramos S\u00e1nchez\u201d, ingeniero de operaciones de Edelca<\/strong> se\u00f1alado por participar en el ataque del 7 de marzo, resalt\u00f3 Rodr\u00edguez.<\/p>\n<p>Asimismo, identific\u00f3 a cuatro personas que son requeridas por el Gobierno venezolano ante Interpol por su vinculaci\u00f3n con los hechos que provocaron la suspensi\u00f3n del servicio, en d\u00edas pasados. Estos responden a los nombres de Julio C\u00e9sar Acu\u00f1a N\u00fa\u00f1ez, residenciado en Estados Unidos; Ram\u00f3n Oswaldo Garc\u00eda Garc\u00eda, residente en Espa\u00f1a y Miguel \u00c1ngel Jos\u00e9 Freitas, residenciado en Colombia. Otro ciudadano, Jes\u00fas Rodr\u00edguez Landini, experto en mecanismos de protecciones, tambi\u00e9n es solicitado por las autoridades. Sali\u00f3 del pa\u00eds el pasado 8 de abril. Actualmente, reside en la casa de un oficial de Fuerza A\u00e9rea de Estados Unidos, dijo. \u201c<strong>Sabemos con claridad c\u00f3mo lo hicieron, sabemos qu\u00e9 mensajes les mandaron a las m\u00e1quinas de Guri para destruirlas. Se quedaron con las ganas, hubiera sido brutal si se hubieran salido con la suya Guaid\u00f3 y sus piratas<\/strong>. Tenemos perfecta conciencia de c\u00f3mo fue que se perpetraron estos ataques\u201d, apunt\u00f3 Rodr\u00edguez, al tiempo que exhort\u00f3 al pueblo venezolano que de tener informaci\u00f3n acerca del paradero de estos terroristas lo hagan saber.<\/p>\n<p>En declaraci\u00f3n a los medios de comunicaci\u00f3n, El Vicepresidente Sectorial explic\u00f3 que \u201chubo dos grandes ataques al Guri: el cibern\u00e9tico de los pasados d\u00edas 7 y 9 de marzo, y los ataques de tipo mec\u00e1nico y f\u00edsico de los pasados d\u00edas 25, 26, 27, 28 y 29 de marzo\u201d. Agreg\u00f3 que \u201c<strong>venimos edificando un sistema que sea completamente imposible de ser atacado por los terroristas<\/strong>. Hemos logrado el equilibrio del Sistema El\u00e9ctrico Nacional\u201c.<\/p>\n<h4>En detalles<\/h4>\n<p>El tambi\u00e9n Ministro del Poder Popular para la Comunicaci\u00f3n e Informaci\u00f3n especific\u00f3 que <strong>en los \u00faltimos dos a\u00f1os se han saboteado m\u00e1s del 50% de las m\u00e1s de 500 subestaciones el\u00e9ctricas que tiene Venezuela. Igualmente, subray\u00f3 que m\u00e1s de\u00a0280 incendios forestales\u00a0han sido provocados a lo largo de\u00a035 mil kil\u00f3metros de tendido el\u00e9ctrico<\/strong>\u00a0que tiene Venezuela.<\/p>\n<p>\u201cEn ese camino planificaron y perpetraron lo que la historia ya conoce como el m\u00e1s brutal ataque terrorista en contra del pueblo de Venezuela. <strong>Hubo\u00a0dos grandes ataques\u00a0al\u00a0Complejo Hidroel\u00e9ctrico Nacional Sim\u00f3n Bol\u00edvar, estos fueron los\u00a0ataques cibern\u00e9ticos, de los d\u00edas\u00a07 y 9 de marzo\u00a0y los\u00a0ataques de tipo mec\u00e1nicos y f\u00edsicos\u00a0de los d\u00edas\u00a025, 26, 27, 28 y\u00a029 de marz<\/strong>o, que generaron la suspensi\u00f3n total del servicio el\u00e9ctrico en Venezuela\u201d, expres\u00f3.<\/p>\n<p>A esto le sum\u00f3 m\u00e1s de\u00a0<strong>45 ataques de car\u00e1cter menor<\/strong>, desde el d\u00eda 7 de marzo hasta la fecha.<\/p>\n","protected":false},"excerpt":{"rendered":"<p>El vicepresidente sectorial de Comunicaci\u00f3n, Cultura y Turismo, Jorge Rodr\u00edguez, dio a conocer este martes los nombres de los implicados y detenidos en los ataques cibern\u00e9ticos y f\u00edsicos contra el Sistema El\u00e9ctrico Nacional (SEN), ocurridos en marzo. \u201cLas investigaciones acerca del ciberataque de los d\u00edas 7,8 y 9 de marzo est\u00e1n bastante avanzadas y ya\u2026 <span class=\"read-more\"><a href=\"https:\/\/consuladobarcelona.gob.ve\/webalterna\/capturadas-5-personas-implicadas-en-ataques-al-sistema-electrico-venezolano\/\">Leer m\u00e1s &raquo;<\/a><\/span><\/p>\n","protected":false},"author":3,"featured_media":1069,"comment_status":"closed","ping_status":"closed","sticky":false,"template":"","format":"standard","meta":{"footnotes":""},"categories":[5],"tags":[],"class_list":["post-1068","post","type-post","status-publish","format-standard","has-post-thumbnail","hentry","category-noticias"],"_links":{"self":[{"href":"https:\/\/consuladobarcelona.gob.ve\/webalterna\/wp-json\/wp\/v2\/posts\/1068","targetHints":{"allow":["GET"]}}],"collection":[{"href":"https:\/\/consuladobarcelona.gob.ve\/webalterna\/wp-json\/wp\/v2\/posts"}],"about":[{"href":"https:\/\/consuladobarcelona.gob.ve\/webalterna\/wp-json\/wp\/v2\/types\/post"}],"author":[{"embeddable":true,"href":"https:\/\/consuladobarcelona.gob.ve\/webalterna\/wp-json\/wp\/v2\/users\/3"}],"replies":[{"embeddable":true,"href":"https:\/\/consuladobarcelona.gob.ve\/webalterna\/wp-json\/wp\/v2\/comments?post=1068"}],"version-history":[{"count":1,"href":"https:\/\/consuladobarcelona.gob.ve\/webalterna\/wp-json\/wp\/v2\/posts\/1068\/revisions"}],"predecessor-version":[{"id":1070,"href":"https:\/\/consuladobarcelona.gob.ve\/webalterna\/wp-json\/wp\/v2\/posts\/1068\/revisions\/1070"}],"wp:featuredmedia":[{"embeddable":true,"href":"https:\/\/consuladobarcelona.gob.ve\/webalterna\/wp-json\/wp\/v2\/media\/1069"}],"wp:attachment":[{"href":"https:\/\/consuladobarcelona.gob.ve\/webalterna\/wp-json\/wp\/v2\/media?parent=1068"}],"wp:term":[{"taxonomy":"category","embeddable":true,"href":"https:\/\/consuladobarcelona.gob.ve\/webalterna\/wp-json\/wp\/v2\/categories?post=1068"},{"taxonomy":"post_tag","embeddable":true,"href":"https:\/\/consuladobarcelona.gob.ve\/webalterna\/wp-json\/wp\/v2\/tags?post=1068"}],"curies":[{"name":"wp","href":"https:\/\/api.w.org\/{rel}","templated":true}]}}