{"id":1063,"date":"2019-04-23T11:50:20","date_gmt":"2019-04-23T10:50:20","guid":{"rendered":"http:\/\/consuladobarcelona.gob.ve\/webalterna\/?p=1063"},"modified":"2019-04-23T11:50:20","modified_gmt":"2019-04-23T10:50:20","slug":"rusia-apagones-en-venezuela-son-fruto-de-una-operacion-planificada-de-ee-uu","status":"publish","type":"post","link":"https:\/\/consuladobarcelona.gob.ve\/webalterna\/rusia-apagones-en-venezuela-son-fruto-de-una-operacion-planificada-de-ee-uu\/","title":{"rendered":"Rusia: apagones en Venezuela son fruto de una \u00aboperaci\u00f3n planificada\u00bb de EE.UU."},"content":{"rendered":"<p>Los casos de desconexi\u00f3n masiva de las instalaciones de suministro de energ\u00eda en Venezuela son el resultado de una operaci\u00f3n planificada y dirigida por Estados Unidos, declar\u00f3 el viceministro de Defensa de Rusia, el coronel general Alex\u00e1nder Fomin, en\u00a0 una entreevista con RT.<\/p>\n<p>Fomin se\u00f1al\u00f3 que \u00abEstados Unidos no se detiene\u00bb a la hora de presionar a Venezuela. \u00abNo rechazan ninguna herramienta. Utilizan ampliamente las herramientas de las guerras h\u00edbridas, las revoluciones de color, as\u00ed como entrenan a l\u00edderes y militantes de movimientos radicales\u201d, asever\u00f3 el viceministro. \u00abPuede ver que est\u00e1 en marcha una operaci\u00f3n llamada &#8216;Blackout&#8217;. Se trata de un cierre planificado y artificial de instalaciones energ\u00e9ticas, que tambi\u00e9n afecta negativamente a la atm\u00f3sfera en el pa\u00eds y solo hace agravar la crisis existente, principalmente la crisis econ\u00f3mica\u00bb, agreg\u00f3 Fomin. Adem\u00e1s, el alto funcionario vaticin\u00f3 que Cuba y Nicaragua ser\u00e1n \u00ablas siguientes v\u00edctimas\u00bb de Washington.<\/p>\n<p>Fomin tambi\u00e9n opin\u00f3 que la \u00abopci\u00f3n de fuerza\u00bb que EE.UU. tiene preparada y con la que \u00abasusta a todos\u00bb no resulta beneficiosa para Washington, porque \u00abpuede unir m\u00e1s a la poblaci\u00f3n en torno al Gobierno venezolano\u00bb.<\/p>\n<p>El viceministro ruso declar\u00f3 que Rusia apoya a Venezuela en cuanto a \u00abcooperaci\u00f3n t\u00e9cnico-militar\u00bb, as\u00ed como \u00aben t\u00e9rminos de restauraci\u00f3n de armas y equipo militar\u00bb.<\/p>\n<p>El pasado 10 de abril, se produjo un nuevo apag\u00f3n en varias zonas de Caracas y en algunos sectores de numerosos estados de Venezuela. Este apag\u00f3n se suma a la serie de cortes el\u00e9ctricos que se inici\u00f3 el pasado 7 de marzo e interrumpi\u00f3 las actividades laborales y estudiantiles, afectando al normal funcionamiento de los servicios de telefon\u00eda, Internet, agua y transporte colectivo. Caracas responsabiliz\u00f3 a EE.UU. y a factores de la ultraderecha venezolana de los \u00abataques\u00bb al servicio, como parte de un plan para deponer al Gobierno, mientras que la oposici\u00f3n aleg\u00f3 una supuesta \u00abfalta de mantenimiento\u00bb e \u00abineficiencia\u00bb de las autoridades.<\/p>\n","protected":false},"excerpt":{"rendered":"<p>Los casos de desconexi\u00f3n masiva de las instalaciones de suministro de energ\u00eda en Venezuela son el resultado de una operaci\u00f3n planificada y dirigida por Estados Unidos, declar\u00f3 el viceministro de Defensa de Rusia, el coronel general Alex\u00e1nder Fomin, en\u00a0 una entreevista con RT. Fomin se\u00f1al\u00f3 que \u00abEstados Unidos no se detiene\u00bb a la hora de\u2026 <span class=\"read-more\"><a href=\"https:\/\/consuladobarcelona.gob.ve\/webalterna\/rusia-apagones-en-venezuela-son-fruto-de-una-operacion-planificada-de-ee-uu\/\">Leer m\u00e1s &raquo;<\/a><\/span><\/p>\n","protected":false},"author":3,"featured_media":1064,"comment_status":"closed","ping_status":"closed","sticky":false,"template":"","format":"standard","meta":{"footnotes":""},"categories":[5],"tags":[],"class_list":["post-1063","post","type-post","status-publish","format-standard","has-post-thumbnail","hentry","category-noticias"],"_links":{"self":[{"href":"https:\/\/consuladobarcelona.gob.ve\/webalterna\/wp-json\/wp\/v2\/posts\/1063","targetHints":{"allow":["GET"]}}],"collection":[{"href":"https:\/\/consuladobarcelona.gob.ve\/webalterna\/wp-json\/wp\/v2\/posts"}],"about":[{"href":"https:\/\/consuladobarcelona.gob.ve\/webalterna\/wp-json\/wp\/v2\/types\/post"}],"author":[{"embeddable":true,"href":"https:\/\/consuladobarcelona.gob.ve\/webalterna\/wp-json\/wp\/v2\/users\/3"}],"replies":[{"embeddable":true,"href":"https:\/\/consuladobarcelona.gob.ve\/webalterna\/wp-json\/wp\/v2\/comments?post=1063"}],"version-history":[{"count":1,"href":"https:\/\/consuladobarcelona.gob.ve\/webalterna\/wp-json\/wp\/v2\/posts\/1063\/revisions"}],"predecessor-version":[{"id":1065,"href":"https:\/\/consuladobarcelona.gob.ve\/webalterna\/wp-json\/wp\/v2\/posts\/1063\/revisions\/1065"}],"wp:featuredmedia":[{"embeddable":true,"href":"https:\/\/consuladobarcelona.gob.ve\/webalterna\/wp-json\/wp\/v2\/media\/1064"}],"wp:attachment":[{"href":"https:\/\/consuladobarcelona.gob.ve\/webalterna\/wp-json\/wp\/v2\/media?parent=1063"}],"wp:term":[{"taxonomy":"category","embeddable":true,"href":"https:\/\/consuladobarcelona.gob.ve\/webalterna\/wp-json\/wp\/v2\/categories?post=1063"},{"taxonomy":"post_tag","embeddable":true,"href":"https:\/\/consuladobarcelona.gob.ve\/webalterna\/wp-json\/wp\/v2\/tags?post=1063"}],"curies":[{"name":"wp","href":"https:\/\/api.w.org\/{rel}","templated":true}]}}