{"id":1058,"date":"2019-04-23T10:27:11","date_gmt":"2019-04-23T09:27:11","guid":{"rendered":"http:\/\/consuladobarcelona.gob.ve\/webalterna\/?p=1058"},"modified":"2019-04-23T10:31:05","modified_gmt":"2019-04-23T09:31:05","slug":"maduro-afirma-atentados-en-srilanka-son-crimenes-contra-la-humanidad","status":"publish","type":"post","link":"https:\/\/consuladobarcelona.gob.ve\/webalterna\/maduro-afirma-atentados-en-srilanka-son-crimenes-contra-la-humanidad\/","title":{"rendered":"Pdte. Maduro calific\u00f3 de \u201ccr\u00edmenes contra la humanidad\u201d atentados en Sri Lanka"},"content":{"rendered":"<p>Este domingo, el Presidente de la Rep\u00fablica Bolivariana de Venezuela, Nicol\u00e1s Maduro Moros, extendi\u00f3 su m\u00e1s profundo rechazo ante los ataques terroristas a templos cat\u00f3licos y hoteles en la ciudad de Colombo, de la Rep\u00fablica Democr\u00e1tica Socialista de Sri Lanka, que dej\u00f3 un saldo tr\u00e1gico de m\u00e1s de 250 personas fallecidas y 450 heridos. El mandatario repudi\u00f3 estos hechos a trav\u00e9s de su cuenta Twitter, @NicolasMaduro. \u201cLamento profundamente la ola de atentados terroristas que han ocasionado muerte y sufrimiento en Sri Lanka. Los venezolanos rechazamos con firmeza estos cr\u00edmenes contra la humanidad y abogamos por la construcci\u00f3n de un mundo libre de odio y de violencia. \u00a1No m\u00e1s Terrorismo!\u201d escribi\u00f3.<\/p>\n<p>Por su parte, el canciller Jorge Arreaza public\u00f3 en su cuenta Twitter @jaarreaza un comunicado donde Venezuela se solidariza con el pueblo y gobierno srilanqu\u00e9s, condena los ataques terroristas ocurridos en dicho pa\u00eds ymanifiesta su confianza en las acciones anunciadas por el gobierno de Sri Lanka para determinar los culpables y aplicar la ley a los responsables de este horrendo crimen.<\/p>\n<p>Aqu\u00ed el comunicado completo:<\/p>\n<div>\n<blockquote><p><em>El presidente Nicol\u00e1s Maduro Moros, en nombre del Gobierno y el Pueblo de la Rep\u00fablica Bolivariana de Venezuela, expresa su m\u00e1s profunda condena a los ataques terroristas ocurridos el 21 de abril, Domingo de Resurrecci\u00f3n, en la ciudad de Colombo, Rep\u00fablica Democr\u00e1tica Socialista de Sri Lanka, causando la muerte de al menos 207 civiles y m\u00e1s de 400 personas heridas en hoteles y templos cat\u00f3licos de ese pa\u00eds.<span id=\"more-63389\"><\/span><\/em><\/p>\n<p><em>Venezuela repudia el terrorismo en cualquiera de sus formas y manifestaciones, y expresa sus m\u00e1s sentidas condolencias al Pueblo y autoridades de Sri Lanka, especialmente a los familiares y allegados de las v\u00edctimas de este acto de barbarie. Al mismo tiempo, manifestamos nuestra confianza en las acciones anunciadas por el Gobierno de Sri Lanka para determinar los culpables y aplicar la ley a los responsables de tan horrendo crimen.<\/em><\/p>\n<p><em>El Gobierno de la Rep\u00fablica Bolivariana de Venezuela reitera los lazos de amistad que nos unen a la Rep\u00fablica Democr\u00e1tica Socialista de Sri Lanka, as\u00ed como el compromiso de seguir trabajando conjuntamente en aras de la justicia, la paz y la prosperidad de nuestros Pueblos. <\/em><\/p>\n<p style=\"text-align: right;\"><em>Caracas, 21 de abril de 2019<br \/>\n<\/em><\/p>\n<\/blockquote>\n<\/div>\n","protected":false},"excerpt":{"rendered":"<p>Este domingo, el Presidente de la Rep\u00fablica Bolivariana de Venezuela, Nicol\u00e1s Maduro Moros, extendi\u00f3 su m\u00e1s profundo rechazo ante los ataques terroristas a templos cat\u00f3licos y hoteles en la ciudad de Colombo, de la Rep\u00fablica Democr\u00e1tica Socialista de Sri Lanka, que dej\u00f3 un saldo tr\u00e1gico de m\u00e1s de 250 personas fallecidas y 450 heridos. El\u2026 <span class=\"read-more\"><a href=\"https:\/\/consuladobarcelona.gob.ve\/webalterna\/maduro-afirma-atentados-en-srilanka-son-crimenes-contra-la-humanidad\/\">Leer m\u00e1s &raquo;<\/a><\/span><\/p>\n","protected":false},"author":3,"featured_media":1059,"comment_status":"closed","ping_status":"closed","sticky":false,"template":"","format":"standard","meta":{"footnotes":""},"categories":[5],"tags":[],"class_list":["post-1058","post","type-post","status-publish","format-standard","has-post-thumbnail","hentry","category-noticias"],"_links":{"self":[{"href":"https:\/\/consuladobarcelona.gob.ve\/webalterna\/wp-json\/wp\/v2\/posts\/1058","targetHints":{"allow":["GET"]}}],"collection":[{"href":"https:\/\/consuladobarcelona.gob.ve\/webalterna\/wp-json\/wp\/v2\/posts"}],"about":[{"href":"https:\/\/consuladobarcelona.gob.ve\/webalterna\/wp-json\/wp\/v2\/types\/post"}],"author":[{"embeddable":true,"href":"https:\/\/consuladobarcelona.gob.ve\/webalterna\/wp-json\/wp\/v2\/users\/3"}],"replies":[{"embeddable":true,"href":"https:\/\/consuladobarcelona.gob.ve\/webalterna\/wp-json\/wp\/v2\/comments?post=1058"}],"version-history":[{"count":3,"href":"https:\/\/consuladobarcelona.gob.ve\/webalterna\/wp-json\/wp\/v2\/posts\/1058\/revisions"}],"predecessor-version":[{"id":1062,"href":"https:\/\/consuladobarcelona.gob.ve\/webalterna\/wp-json\/wp\/v2\/posts\/1058\/revisions\/1062"}],"wp:featuredmedia":[{"embeddable":true,"href":"https:\/\/consuladobarcelona.gob.ve\/webalterna\/wp-json\/wp\/v2\/media\/1059"}],"wp:attachment":[{"href":"https:\/\/consuladobarcelona.gob.ve\/webalterna\/wp-json\/wp\/v2\/media?parent=1058"}],"wp:term":[{"taxonomy":"category","embeddable":true,"href":"https:\/\/consuladobarcelona.gob.ve\/webalterna\/wp-json\/wp\/v2\/categories?post=1058"},{"taxonomy":"post_tag","embeddable":true,"href":"https:\/\/consuladobarcelona.gob.ve\/webalterna\/wp-json\/wp\/v2\/tags?post=1058"}],"curies":[{"name":"wp","href":"https:\/\/api.w.org\/{rel}","templated":true}]}}