{"id":10476,"date":"2024-11-13T10:42:01","date_gmt":"2024-11-13T09:42:01","guid":{"rendered":"https:\/\/consuladobarcelona.gob.ve\/webalterna\/?p=10476"},"modified":"2024-11-13T10:42:08","modified_gmt":"2024-11-13T09:42:08","slug":"venezuela-se-une-a-la-demanda-multilateral-para-incluir-a-palestina-en-la-onu","status":"publish","type":"post","link":"https:\/\/consuladobarcelona.gob.ve\/webalterna\/venezuela-se-une-a-la-demanda-multilateral-para-incluir-a-palestina-en-la-onu\/","title":{"rendered":"Venezuela se une a la demanda multilateral para incluir a Palestina en la ONU"},"content":{"rendered":"<p>La Rep\u00fablica Bolivariana de Venezuela extendi\u00f3 este marte su rotundo apoyo a una demanda dirigida al Consejo de Seguridad de las Naciones Unidas, para que d\u00e9 cumplimiento al mandato destinado a incluir a Palestina como Estado de pleno derecho en la organizaci\u00f3n multinacional, as\u00ed lo dio a conocer la Canciller\u00eda venezolana mediante sus redes sociales y canales de difusi\u00f3n.<\/p>\n<p><strong>\u00abEl Gobierno Bolivariano se une de manera entusiasta, a la demanda de que el Consejo de Seguridad las Naciones Unidas d\u00e9 cumplimiento al mandato para que se incluya a Palestina como Estado de pleno derecho en esta organizaci\u00f3n\u00bb<\/strong>, indica el comunicado del ente diplom\u00e1tico.<\/p>\n<p>Asimismo, el Ministerio del Poder Popular para las Relaciones Exteriores expres\u00f3 su respaldo a los acuerdos concretados por la Cumbre de la Organizaci\u00f3n Cooperaci\u00f3n Isl\u00e1mica y la Liga de los Estados \u00c1rabes; celebrada en Riad, Arabia Saudita, para<strong> condenar el genocidio que el Estado de Israel<\/strong> perpetra contra Palestina y el L\u00edbano.<\/p>\n<p>Sobre la reuni\u00f3n indic\u00f3 que \u00abha condenado nuevamente la brutal agresi\u00f3n genocida y los cr\u00edmenes de lesa humanidad\u00bb, del r\u00e9gimen del primer ministro israel\u00ed, Benjamin Netanyahu. Igualmente, el mensaje comunic\u00f3 el respaldo a la condena contra la <strong>violaci\u00f3n de la soberan\u00eda<\/strong> de Ir\u00e1n, Irak y Siria, por parte del pa\u00eds hebreo. Aunado a esto, \u00abacompa\u00f1a la solicitud para que el mundo reaccione y se movilice ante tan grave violaci\u00f3n del derecho internacional\u00bb.<\/p>\n<p>De esta manera, <strong>la naci\u00f3n venezolana manifiesta su compromiso diplom\u00e1tico con el eje isl\u00e1mico de resistencia<\/strong>, el cual enfrenta las agresiones expansionistas del sionismo israel\u00ed, respaldado por el imperialismo de Estados Unidos para mantener un f\u00e9rreo dominio sobre la regi\u00f3n de Medio Oriente.<\/p>\n","protected":false},"excerpt":{"rendered":"<p>La Rep\u00fablica Bolivariana de Venezuela extendi\u00f3 este marte su rotundo apoyo a una demanda dirigida al Consejo de Seguridad de las Naciones Unidas, para que d\u00e9 cumplimiento al mandato destinado a incluir a Palestina como Estado de pleno derecho en la organizaci\u00f3n multinacional, as\u00ed lo dio a conocer la Canciller\u00eda venezolana mediante sus redes sociales\u2026 <span class=\"read-more\"><a href=\"https:\/\/consuladobarcelona.gob.ve\/webalterna\/venezuela-se-une-a-la-demanda-multilateral-para-incluir-a-palestina-en-la-onu\/\">Leer m\u00e1s &raquo;<\/a><\/span><\/p>\n","protected":false},"author":3,"featured_media":10477,"comment_status":"closed","ping_status":"closed","sticky":false,"template":"","format":"standard","meta":{"footnotes":""},"categories":[5],"tags":[],"class_list":["post-10476","post","type-post","status-publish","format-standard","has-post-thumbnail","hentry","category-noticias"],"_links":{"self":[{"href":"https:\/\/consuladobarcelona.gob.ve\/webalterna\/wp-json\/wp\/v2\/posts\/10476","targetHints":{"allow":["GET"]}}],"collection":[{"href":"https:\/\/consuladobarcelona.gob.ve\/webalterna\/wp-json\/wp\/v2\/posts"}],"about":[{"href":"https:\/\/consuladobarcelona.gob.ve\/webalterna\/wp-json\/wp\/v2\/types\/post"}],"author":[{"embeddable":true,"href":"https:\/\/consuladobarcelona.gob.ve\/webalterna\/wp-json\/wp\/v2\/users\/3"}],"replies":[{"embeddable":true,"href":"https:\/\/consuladobarcelona.gob.ve\/webalterna\/wp-json\/wp\/v2\/comments?post=10476"}],"version-history":[{"count":2,"href":"https:\/\/consuladobarcelona.gob.ve\/webalterna\/wp-json\/wp\/v2\/posts\/10476\/revisions"}],"predecessor-version":[{"id":10479,"href":"https:\/\/consuladobarcelona.gob.ve\/webalterna\/wp-json\/wp\/v2\/posts\/10476\/revisions\/10479"}],"wp:featuredmedia":[{"embeddable":true,"href":"https:\/\/consuladobarcelona.gob.ve\/webalterna\/wp-json\/wp\/v2\/media\/10477"}],"wp:attachment":[{"href":"https:\/\/consuladobarcelona.gob.ve\/webalterna\/wp-json\/wp\/v2\/media?parent=10476"}],"wp:term":[{"taxonomy":"category","embeddable":true,"href":"https:\/\/consuladobarcelona.gob.ve\/webalterna\/wp-json\/wp\/v2\/categories?post=10476"},{"taxonomy":"post_tag","embeddable":true,"href":"https:\/\/consuladobarcelona.gob.ve\/webalterna\/wp-json\/wp\/v2\/tags?post=10476"}],"curies":[{"name":"wp","href":"https:\/\/api.w.org\/{rel}","templated":true}]}}