{"id":10266,"date":"2024-10-16T11:40:02","date_gmt":"2024-10-16T10:40:02","guid":{"rendered":"https:\/\/consuladobarcelona.gob.ve\/webalterna\/?p=10266"},"modified":"2024-10-16T11:40:02","modified_gmt":"2024-10-16T10:40:02","slug":"pdte-maduro-elogia-el-poder-militar-de-venezuela-y-anuncia-cuatro-lineas-de-accion","status":"publish","type":"post","link":"https:\/\/consuladobarcelona.gob.ve\/webalterna\/pdte-maduro-elogia-el-poder-militar-de-venezuela-y-anuncia-cuatro-lineas-de-accion\/","title":{"rendered":"Pdte. Maduro elogia el poder militar de Venezuela y anuncia cuatro l\u00edneas de acci\u00f3n"},"content":{"rendered":"<p>Durante la <strong>Transmisi\u00f3n de Mando de las comandancias de la Fuerza Armada Nacional Bolivariana (FANB)<\/strong>, desde el Cuartel de la Monta\u00f1a 4F en Caracas, el presidente de la Rep\u00fablica Bolivariana de Venezuela, Nicol\u00e1s Maduro Moros, expres\u00f3 que <strong>Venezuela tiene valiosos militares al frente de esta batalla hermosa del siglo XXI<\/strong>, por la patria potencia. La transmisi\u00f3n de mando incluy\u00f3 las comandancias generales del Ej\u00e9rcito, Armada, Aviaci\u00f3n y Milicia, Guardia de Honor Presidencial (GHP), el Servicio Bolivariano de Inteligencia Nacional (Sebin), la Direcci\u00f3n General de Contrainteligencia Militar (Dgcim) y las Regiones de Defensa Integral (Redis).<\/p>\n<p>\u201cCon el ejemplo de nuestro <strong>Comandante Hugo Ch\u00e1vez<\/strong> y de las glorias militares de nuestra historia, he estudiado con humildad para ejercer plenamente como Comandate en Jefe, y todos los d\u00edas aprendo algo de ustedes, cadetes, soldados, oficiales, Estado Mayor Superior, todos los d\u00edas soy alumno de ustedes, para aprender de su moral, de su patriotismo, de su sacrificio, de su disciplina, de su fortaleza\u201d, enfatiz\u00f3 el mandatario nacional.<\/p>\n<p>El jefe de Estado, record\u00f3 el <strong>renacimiento del Libertador Sim\u00f3n Bol\u00edvar<\/strong>: \u201cSepan ustedes que en este cuartel se vivi\u00f3 el renacimiento de Bol\u00edvar un 4 de febrero de 1992, aqu\u00ed renaci\u00f3, aqu\u00ed resucit\u00f3 el bolivarianismo, y al frente de ese acto de resurrecci\u00f3n iba el m\u00e1s grande l\u00edder que hayan tenido los militares despu\u00e9s de Bol\u00edvar y Zamora, Hugo Rafael Ch\u00e1vez Fr\u00edas, \u00e9l, como l\u00edder militar se convirti\u00f3 en el l\u00edder del pueblo y en el gran democratizador de la gran vida de nuestro pa\u00eds, el que refundo la patria, el que rescat\u00f3 la independencia y nos se\u00f1al\u00f3 el camino, Ch\u00e1vez es pasado, presente y futuro vivo, Ch\u00e1vez es Bol\u00edvar por eso venimos al cuartel para recordar siempre las banderas gloriosas de nuestra Patria y tenerlas presentes en cada paso\u201d.<\/p>\n<p>Manifest\u00f3 que la vida institucional de la <strong>FANB, es cada m\u00e1s robusta, m\u00e1s poderosa, con salud moral, con salud espiritual, con altos ideales y altas miras<\/strong>. Sostuvo que Venezuela debe \u00abcultivar el amor a Dios, por encima de todas las cosas, pero tambi\u00e9n el amor a nuestra historia, a nuestro Pueblo\u00bb. \u00abEl poder que tengamos, es para transformar el pa\u00eds, para <strong>cambiar todo lo que tenga que ser cambiado y mejorar todo en paz<\/strong>, en uni\u00f3n y armon\u00eda\u00bb, afirm\u00f3 el mandatario nacional.<\/p>\n<p>El presidente pidi\u00f3 profundizar <strong>cuatro l\u00edneas de acci\u00f3n para fortalecer en todos los aspectos a la FANB<\/strong>.<\/p>\n<p>Destac\u00f3 que, como primera l\u00ednea, orden\u00f3 a la vicepresidenta Ejecutiva, Delcy Rodr\u00edguez, garantizar los recursos para avanzar a paso acelerado y profundo en la recuperaci\u00f3n del bienestar de la familia militar. \u00abLa primera l\u00ednea es el <strong>bienestar de la familia militar<\/strong>, el bienestar del soldado y del oficial en su unidad militar, en su escuela. Vamos a garantizar la resoluci\u00f3n de los problemas que haya que resolver\u00bb, reiter\u00f3.<\/p>\n<p>La segunda l\u00ednea est\u00e1 orientada a perfeccionar el <strong>sistema de formaci\u00f3n militar y el liderazgo<\/strong>. \u00abHasta el \u00faltimo soldado m\u00e1s humilde que se incorpore a la formaci\u00f3n, doctrina, ideol\u00f3gica, moral y t\u00e9cnica militar, tenemos una Fuerza Armada Nacional Bolivariana profesional, altamente preparada y patriota, con alt\u00edsimo nivel acad\u00e9mico\u00bb.<\/p>\n<p>En tercer lugar, el presidente Maduro pidi\u00f3 alinear, perfeccionar y colocar en perfecta situaci\u00f3n todos los <strong>equipos del sistema de defensa<\/strong> del pa\u00eds, ponerlos en posici\u00f3n de combate y protegerlos.<\/p>\n<p>Finalmente, resalt\u00f3 como cuarta l\u00ednea, profundizar la <strong>fusi\u00f3n c\u00edvico-militar-policial<\/strong>. \u00abPorque tenemos una estructura popular militar policial perfecta para defender el pa\u00eds\u00bb, dijo.<\/p>\n<p>El Jefe de Estado tambi\u00e9n afirm\u00f3 que el <strong>Servicio Bolivariano de Inteligencia Nacional (Sebin)<\/strong> estar\u00e1 al frente contra conspiradores y mercenarios.<\/p>\n<p>\u00abVeremos a nuestro pa\u00eds, en los meses y a\u00f1os que est\u00e1n por venir, reverdecer, y los conspiradores que est\u00e1n aqu\u00ed o que est\u00e1n afuera, y las conspiradoras y los mercenarios y los fascistas tendr\u00e1n un Servicio Bolivariano de Inteligencia Nacional al frente, triunfante\u00bb, augur\u00f3.<\/p>\n<p>Maduro recibi\u00f3 el estandarte del comandante <strong>Gustavo Gonz\u00e1lez L\u00f3pez<\/strong>, quien en breve discurso ante el Mandatario Nacional coment\u00f3 que ejerci\u00f3 el mando en el servicio de inteligencia nacional bajo los preceptos de la Constituci\u00f3n de la Rep\u00fablica, las leyes y reglamentos de la patria, del legado de los padres libertadores y del constructor de la Revoluci\u00f3n bolivariana y padre creador de este organismo de inteligencia nacional, Comandante Supremo Hugo Rafael Ch\u00e1vez Fr\u00edas. \u00abLos errores y desaciertos son de mi entera responsabilidad; el \u00e9xito y triunfo son suyos, Comandante en Jefe\u00bb, asever\u00f3 Gonz\u00e1lez L\u00f3pez. \u00abMe dediqu\u00e9 a combatir al lado de un hombre como usted, aprendiendo ense\u00f1anzas m\u00faltiples de un l\u00edder, y seguir\u00e9 combatiendo a su lado y hasta la victoria siempre, mi Comandante\u00bb. Le entreg\u00f3 victorioso y en condiciones de seguir venciendo.<\/p>\n<p>Por su parte, el Comandante entrante del Sebin, <strong>Alexis Rodr\u00edguez Cabello<\/strong>, al recibir el s\u00edmbolo de mando, coment\u00f3 que, al igual que el oficial saliente, dirigir\u00e1 el trabajo de acuerdo a la Constituci\u00f3n, leyes y reglamentos nacionales, y al legado hist\u00f3rico de los Libertadores y del Comandante Ch\u00e1vez.<\/p>\n<p>\u00abY de acuerdo a todas estas amenazas que hoy en d\u00eda se ciernen sobre la patria, y de las cuales estamos seguros que bajo su direcci\u00f3n las vamos a derrotar y habr\u00e1 paz aqu\u00ed, en nuestra patria\u00bb, sentenci\u00f3 el nuevo jefe del Sebin.<\/p>\n<p>Al culminar la ceremonia, el presidente Maduro calific\u00f3 a Rodr\u00edguez Cabello como \u00abel primer combatiente\u00bb para la recuperaci\u00f3n hist\u00f3rica de la <strong>Guayana Esequiba<\/strong>. \u00abDej\u00f3 esa tarea avanzada; ahora le toca una nueva misi\u00f3n y estoy seguro que en esta nueva misi\u00f3n otra vez usted cumplir\u00e1 a nuestro pa\u00eds, de buenas y bonitas batallas\u00bb, augur\u00f3.<\/p>\n","protected":false},"excerpt":{"rendered":"<p>Durante la Transmisi\u00f3n de Mando de las comandancias de la Fuerza Armada Nacional Bolivariana (FANB), desde el Cuartel de la Monta\u00f1a 4F en Caracas, el presidente de la Rep\u00fablica Bolivariana de Venezuela, Nicol\u00e1s Maduro Moros, expres\u00f3 que Venezuela tiene valiosos militares al frente de esta batalla hermosa del siglo XXI, por la patria potencia. La\u2026 <span class=\"read-more\"><a href=\"https:\/\/consuladobarcelona.gob.ve\/webalterna\/pdte-maduro-elogia-el-poder-militar-de-venezuela-y-anuncia-cuatro-lineas-de-accion\/\">Leer m\u00e1s &raquo;<\/a><\/span><\/p>\n","protected":false},"author":3,"featured_media":10267,"comment_status":"closed","ping_status":"closed","sticky":false,"template":"","format":"standard","meta":{"footnotes":""},"categories":[5],"tags":[],"class_list":["post-10266","post","type-post","status-publish","format-standard","has-post-thumbnail","hentry","category-noticias"],"_links":{"self":[{"href":"https:\/\/consuladobarcelona.gob.ve\/webalterna\/wp-json\/wp\/v2\/posts\/10266","targetHints":{"allow":["GET"]}}],"collection":[{"href":"https:\/\/consuladobarcelona.gob.ve\/webalterna\/wp-json\/wp\/v2\/posts"}],"about":[{"href":"https:\/\/consuladobarcelona.gob.ve\/webalterna\/wp-json\/wp\/v2\/types\/post"}],"author":[{"embeddable":true,"href":"https:\/\/consuladobarcelona.gob.ve\/webalterna\/wp-json\/wp\/v2\/users\/3"}],"replies":[{"embeddable":true,"href":"https:\/\/consuladobarcelona.gob.ve\/webalterna\/wp-json\/wp\/v2\/comments?post=10266"}],"version-history":[{"count":1,"href":"https:\/\/consuladobarcelona.gob.ve\/webalterna\/wp-json\/wp\/v2\/posts\/10266\/revisions"}],"predecessor-version":[{"id":10268,"href":"https:\/\/consuladobarcelona.gob.ve\/webalterna\/wp-json\/wp\/v2\/posts\/10266\/revisions\/10268"}],"wp:featuredmedia":[{"embeddable":true,"href":"https:\/\/consuladobarcelona.gob.ve\/webalterna\/wp-json\/wp\/v2\/media\/10267"}],"wp:attachment":[{"href":"https:\/\/consuladobarcelona.gob.ve\/webalterna\/wp-json\/wp\/v2\/media?parent=10266"}],"wp:term":[{"taxonomy":"category","embeddable":true,"href":"https:\/\/consuladobarcelona.gob.ve\/webalterna\/wp-json\/wp\/v2\/categories?post=10266"},{"taxonomy":"post_tag","embeddable":true,"href":"https:\/\/consuladobarcelona.gob.ve\/webalterna\/wp-json\/wp\/v2\/tags?post=10266"}],"curies":[{"name":"wp","href":"https:\/\/api.w.org\/{rel}","templated":true}]}}